{"id":19354,"date":"2025-12-23T16:04:39","date_gmt":"2025-12-23T15:04:39","guid":{"rendered":"https:\/\/www.fondationpierrefabre.org\/?p=19354"},"modified":"2026-02-25T16:38:42","modified_gmt":"2026-02-25T15:38:42","slug":"offre-demploi-charge-e-suivi-evaluation-redevabilite-et-apprentissage-sera","status":"publish","type":"post","link":"https:\/\/www.fondationpierrefabre.org\/fr\/offres-demploi\/offre-demploi-charge-e-suivi-evaluation-redevabilite-et-apprentissage-sera\/","title":{"rendered":"Offre d\u2019emploi : Charg\u00e9.e Suivi, \u00c9valuation, Redevabilit\u00e9 et Apprentissage (SERA)"},"content":{"rendered":"<p><div class=\"fusion-fullwidth fullwidth-box fusion-builder-row-1 nonhundred-percent-fullwidth non-hundred-percent-height-scrolling\" style=\"--awb-border-radius-top-left:0px;--awb-border-radius-top-right:0px;--awb-border-radius-bottom-right:0px;--awb-border-radius-bottom-left:0px;--awb-margin-bottom:30px;--awb-background-color:#f2f2f2;--awb-flex-wrap:wrap;\" ><div class=\"fusion-builder-row fusion-row\"><div class=\"fusion-layout-column fusion_builder_column fusion-builder-column-0 fusion_builder_column_1_1 1_1 fusion-one-full fusion-column-first fusion-column-last\" style=\"--awb-bg-size:cover;\"><div class=\"fusion-column-wrapper fusion-flex-column-wrapper-legacy\"><div class=\"fusion-text fusion-text-1\"><h1 style=\"text-align: center;\">Offre d\u2019emploi : Charg\u00e9.e Suivi, \u00c9valuation, Redevabilit\u00e9 et Apprentissage (SERA)<\/h1>\n<\/div><div class=\"fusion-clearfix\"><\/div><\/div><\/div><\/div><\/div><div class=\"fusion-fullwidth fullwidth-box fusion-builder-row-2 nonhundred-percent-fullwidth non-hundred-percent-height-scrolling\" style=\"--awb-border-radius-top-left:0px;--awb-border-radius-top-right:0px;--awb-border-radius-bottom-right:0px;--awb-border-radius-bottom-left:0px;--awb-flex-wrap:wrap;\" ><div class=\"fusion-builder-row fusion-row\"><div class=\"fusion-layout-column fusion_builder_column fusion-builder-column-1 fusion_builder_column_1_1 1_1 fusion-one-full fusion-column-first fusion-column-last\" style=\"--awb-bg-size:cover;\"><div class=\"fusion-column-wrapper fusion-flex-column-wrapper-legacy\"><div class=\"fusion-text fusion-text-2\"><p><strong>23\/12\/2025<\/strong><\/p>\n<p><strong>Sous la supervision de la Directrice des Programmes et en \u00e9troite collaboration avec les \u00e9quipes programmes &amp; scientifiques du si\u00e8ge, le\/la Charg\u00e9.e SERA sera r\u00e9f\u00e9rent.e SERA de la Fondation et aura pour mission d\u2019accompagner les \u00e9quipes de la FPF et ses partenaires dans la mise en place et la coordination du syst\u00e8me de suivi, d\u2019\u00e9valuation, de redevabilit\u00e9 et d\u2019apprentissage.<\/strong><\/p>\n<div class=\"fusion-sep-clear\"><\/div><div class=\"fusion-separator fusion-full-width-sep\" style=\"margin-left: auto;margin-right: auto;margin-top:25px;width:100%;\"><\/div><div class=\"fusion-sep-clear\"><\/div>\n<p><span style=\"font-size: 14pt; color: #14769e;\"><strong>\u00c0 PROPOS DE LA FONDATION PIERRE FABRE<\/strong><\/span><\/p>\n<p>De mani\u00e8re d\u00e9sint\u00e9ress\u00e9e, ind\u00e9pendante et dans un but strictement humanitaire, la Fondation Pierre Fabre, reconnue d\u2019utilit\u00e9 publique depuis 1999, \u0153uvre pour permettre aux populations des pays les plus pauvres et de pays \u00e9mergents, ainsi qu\u2019\u00e0 celles confront\u00e9es \u00e0 des crises graves d\u2019origine politique, \u00e9conomique ou naturelle, d\u2019acc\u00e9der en qualit\u00e9 et en volume \u00e0 des soins et notamment aux m\u00e9dicaments essentiels.<\/p>\n<p>La Fondation soutient 38 projets dans 21 pays autour de cinq th\u00e9matiques d&rsquo;interventions :<\/p>\n<ul>\n<li>Lutte contre la dr\u00e9panocytose<\/li>\n<li>Acc\u00e8s aux soins pour les populations vuln\u00e9rables<\/li>\n<li>Dermatologie<\/li>\n<li>E-sant\u00e9<\/li>\n<li>Formation des professionnels du m\u00e9dicament<\/li>\n<\/ul>\n<div class=\"fusion-sep-clear\"><\/div><div class=\"fusion-separator fusion-full-width-sep\" style=\"margin-left: auto;margin-right: auto;margin-top:25px;width:100%;\"><\/div><div class=\"fusion-sep-clear\"><\/div>\n<p><span style=\"font-size: 14pt; color: #14769e;\"><strong>DEMARCHE SERA DE LA FONDATION<\/strong><\/span><\/p>\n<p>La Fondation Pierre Fabre (FPF) intervient en tant que bailleur de fonds aupr\u00e8s de partenaires institutionnels et associatifs dans ses pays d\u2019intervention, ainsi qu\u2019en tant qu\u2019op\u00e9rateur direct. Sa d\u00e9marche s\u2019inscrit dans une approche de \u00ab <strong>faire avec<\/strong> \u00bb les partenaires, combinant <strong>appui technique<\/strong> et <strong>soutien financier<\/strong>.<\/p>\n<p>Le contexte actuel, marqu\u00e9 par l\u2019exigence accrue de <strong>redevabilit\u00e9<\/strong>, de <strong>mesure d\u2019impact<\/strong> et d\u2019<strong>am\u00e9lioration continue<\/strong>, conduit la Fondation \u00e0 structurer davantage son dispositif SERA. Aux attentes des bailleurs et partenaires s\u2019ajoutent celles de ses organes de gouvernance.<\/p>\n<p>Ces cinq derni\u00e8res ann\u00e9es ont \u00e9t\u00e9 caract\u00e9ris\u00e9es par une forte croissance des activit\u00e9s et des ressources humaines, li\u00e9e \u00e0 l\u2019extension, au renouvellement ou \u00e0 l\u2019initiation de nouveaux programmes. La Fondation souhaite renforcer la documentation de ses actions, aussi bien pour ses besoins internes d\u2019analyse et d\u2019apprentissage que pour contribuer au partage de connaissances dans l\u2019\u00e9cosyst\u00e8me de l\u2019aide au d\u00e9veloppement et aupr\u00e8s des institutions nationales et internationales.<\/p>\n<p>Le poste est bas\u00e9 \u00e0 <strong>Lavaur au si\u00e8ge de la Fondation<\/strong>, avec <strong>deux jours de t\u00e9l\u00e9travail par semaine<\/strong>, dans le cadre d\u2019un <strong>CDD de 12 mois<\/strong>, \u00e0 pourvoir imm\u00e9diatement.<\/p>\n<div class=\"fusion-sep-clear\"><\/div><div class=\"fusion-separator fusion-full-width-sep\" style=\"margin-left: auto;margin-right: auto;margin-top:25px;width:100%;\"><\/div><div class=\"fusion-sep-clear\"><\/div>\n<p><span style=\"font-size: 14pt; color: #14769e;\"><strong>VOS PRINCIPALES MISSIONS<\/strong><\/span><\/p>\n<p>Sous la supervision de la Directrice des Programmes et en \u00e9troite collaboration avec les \u00e9quipes programmes &amp; scientifiques du si\u00e8ge, le\/la Charg\u00e9.e SERA sera r\u00e9f\u00e9rent.e SERA de la Fondation et aura pour mission d\u2019accompagner les \u00e9quipes de la FPF et ses partenaires dans la mise en place et la coordination du syst\u00e8me de suivi, d\u2019\u00e9valuation, de redevabilit\u00e9 et d\u2019apprentissage.<\/p>\n<p>Cet accompagnement comprendra les taches suivantes :<\/p>\n<p><strong>1. Structuration et harmonisation du dispositif SERA<\/strong><\/p>\n<ul>\n<li>Op\u00e9rationnaliser la feuille de route de structuration et de modernisation du dispositif de SERA en coh\u00e9rence avec la strat\u00e9gie de la Fondation.<\/li>\n<li>D\u00e9velopper et harmoniser une boite \u00e0 outils SERA (cadres logiques, plans de suivi, etc.).<\/li>\n<li>Contribuer \u00e0 l\u2019\u00e9laboration et la diffusion de proc\u00e9dures institutionnelles.<\/li>\n<li>Contribuer au d\u00e9ploiement, \u00e0 l\u2019int\u00e9gration, \u00e0 l\u2019harmonisation et aux \u00e9volutions des outils pour le dispositif SERA de la Fondation<\/li>\n<\/ul>\n<p><strong>2. Appui technique aux \u00e9quipes et partenaires<\/strong><\/p>\n<ul>\n<li>Renforcer les capacit\u00e9s des \u00e9quipes : formations, coaching, documentation de bonnes pratiques sur les standards, proc\u00e9dures, m\u00e9thodes et outils SERA.<\/li>\n<li>Accompagner les partenaires dans la mise en place des dispositifs SERA adapt\u00e9s \u00e0 leur contexte.<\/li>\n<li>Appuyer les \u00e9quipes et les partenaires sur les besoins SERA tout au long du cycle du projet<\/li>\n<li>Soutenir la mise en \u0153uvre d\u2019outils de collecte num\u00e9rique, d\u2019analyse ou de visualisation adapt\u00e9s aux besoins et contraintes (Par exemple Excel, KoboToolbox, CommCare, SurveyCTO, Redcap).<\/li>\n<\/ul>\n<p><strong>3. Gestion de la donn\u00e9e et reporting<\/strong><\/p>\n<ul>\n<li>Superviser ou appuyer la collecte, l\u2019analyse des donn\u00e9es et le reporting sur les indicateurs op\u00e9rationnels agr\u00e9g\u00e9s de la Fondation<\/li>\n<li>Concevoir ou am\u00e9liorer des tableaux de bord (Excel, PowerBI).<\/li>\n<li>Contribuer \u00e0 la production de rapports narratifs, analytiques et visuels.<\/li>\n<li>Assurer la coh\u00e9rence des donn\u00e9es entre projets et pays.<\/li>\n<\/ul>\n<p><strong>4. \u00c9valuations, apprentissage et recherche<\/strong><\/p>\n<ul>\n<li>Contribuer \u00e0 l\u2019\u00e9laboration de th\u00e9orie de changement des projets<\/li>\n<li>Appuyer la conception et la r\u00e9alisation des \u00e9valuations internes ou externes<\/li>\n<li>Produire ou accompagner la production de notes de capitalisation, \u00e9tudes de cas, le\u00e7ons apprises.<\/li>\n<li>En lien avec le responsable m\u00e9dical, contribuer \u00e0 la valorisation et \u00e0 la recherche sur les aspects m\u00e9dicaux des projets (Indicateurs de sant\u00e9, impact, etc.)<\/li>\n<li>Participer \u00e0 la diffusion de ces connaissances aupr\u00e8s d\u2019audiences internes et externes<\/li>\n<\/ul>\n<p><strong>5. Redevabilit\u00e9, conduite du changement et pilotage institutionnel<\/strong><\/p>\n<ul>\n<li>Porter l\u2019int\u00e9gration du SERA \u00e0 l\u2019\u00e9chelle de la Fondation en animant une dynamique transversale.<\/li>\n<li>Contribuer \u00e0 l\u2019appropriation des outils et au renforcement d\u2019une culture de redevabilit\u00e9 et d\u2019apprentissage.<\/li>\n<li>Veiller \u00e0 l\u2019articulation du SERA avec les autres directions et services (programmes, scientifique, communication, etc.).<\/li>\n<\/ul>\n<div class=\"fusion-sep-clear\"><\/div><div class=\"fusion-separator fusion-full-width-sep\" style=\"margin-left: auto;margin-right: auto;margin-top:25px;width:100%;\"><\/div><div class=\"fusion-sep-clear\"><\/div>\n<p><span style=\"font-size: 14pt; color: #14769e;\"><strong>VOS COMPETENCES ET QUALITES<\/strong><\/span><\/p>\n<p><strong>Formation et exp\u00e9rience<\/strong><\/p>\n<ul>\n<li>Avoir un dipl\u00f4me universitaire en Statistiques, Informatique de Gestion, D\u00e9mographie Appliqu\u00e9e, Sant\u00e9 Publique, Epid\u00e9miologie, M\u00e9decine, Math\u00e9matiques, \u00c9conomie ou dans un domaine scientifique connexe<\/li>\n<li>Exp\u00e9rience confirm\u00e9e de <strong>3 \u00e0 5 ans<\/strong> en SERA \/ MEAL, incluant au moins <strong>une exp\u00e9rience terrain<\/strong><\/li>\n<li>Exp\u00e9rience dans le domaine de la <strong>sant\u00e9 publique<\/strong>, sant\u00e9 globale, sant\u00e9 communautaire, syst\u00e8mes de sant\u00e9 fortement appr\u00e9ci\u00e9e<\/li>\n<li>Ma\u00eetrise des outils de collecte et gestion de donn\u00e9es : <strong>KoboToolbox<\/strong>, <strong>CommCare<\/strong> ou <strong>SurveyCTO<\/strong>, <strong>Excel avanc\u00e9<\/strong>.<\/li>\n<li>Exp\u00e9rience en <strong>PowerBI<\/strong> ou autres outils de visualisation.<\/li>\n<\/ul>\n<p><strong>Comp\u00e9tences techniques<\/strong><\/p>\n<ul>\n<li>Expertise en mati\u00e8re de m\u00e9thodologies de suivi-\u00e9valuation (cadres logiques, th\u00e9ories du changement, indicateurs, \u00e9chantillonnage, enqu\u00eates&#8230;)<\/li>\n<li>Connaissances en gestion de bases de donn\u00e9es, qualit\u00e9 des donn\u00e9es, syst\u00e8mes d\u2019information<\/li>\n<li>Capacit\u00e9 \u00e0 structurer ou r\u00e9viser un dispositif institutionnel<\/li>\n<li>Capacit\u00e9 de synth\u00e8se<\/li>\n<li>Bonne organisation et capacit\u00e9 \u00e0 travailler en toute autonomie<\/li>\n<li>Capacit\u00e9 \u00e0 travailler avec des partenaires internationaux<\/li>\n<li>Rigueur et fiabilit\u00e9<\/li>\n<\/ul>\n<p><strong>Qualit\u00e9s attendues<\/strong><\/p>\n<ul>\n<li>Excellentes capacit\u00e9s r\u00e9dactionnelles et de synth\u00e8se<\/li>\n<li>Aisance relationnelle et capacit\u00e9 \u00e0 travailler avec des \u00e9quipes et partenaires aux profils vari\u00e9s<\/li>\n<li>Rigueur, autonomie, sens de l\u2019organisation.<\/li>\n<li>Capacit\u00e9 \u00e0 porter la <strong>conduite du changement<\/strong> et \u00e0 accompagner des \u00e9quipes<\/li>\n<\/ul>\n<p><strong>Langues<\/strong><\/p>\n<ul>\n<li><strong>Fran\u00e7ais<\/strong> : niveau excellent, oral et \u00e9crit.<\/li>\n<li><strong>Anglais<\/strong> : bon niveau professionnel requis.<\/li>\n<\/ul>\n<div class=\"fusion-sep-clear\"><\/div><div class=\"fusion-separator fusion-full-width-sep\" style=\"margin-left: auto;margin-right: auto;margin-top:25px;width:100%;\"><\/div><div class=\"fusion-sep-clear\"><\/div>\n<table style=\"width: 100%; border-collapse: collapse;\" border=\"#14769e\">\n<tbody>\n<tr>\n<td style=\"width: 100%; text-align: center;\"><span style=\"font-size: 13pt;\">Pour postuler, merci de nous faire parvenir votre candidature (<strong>CV et lettre de motivation<\/strong>) avant le 06\/02\/2026 \u00e0<br \/>\n<\/span><span style=\"font-size: 13pt;\"><a href=\"mailto:recrutement@fondationpierrefabre.org\">recrutement@fondationpierrefabre.org<\/a> avec en sujet la r\u00e9f\u00e9rence : \u00ab <a href=\"https:\/\/offres-emploi.orientationdurable.com\/front-jobs-detail.html?id_job=1077&amp;id_origin=3\" target=\"_blank\" rel=\"noopener\"><strong>Charg\u00e9.e SERA &#8211; Si\u00e8ge<\/strong><\/a>\u00a0\u00bb.<\/span><\/td>\n<\/tr>\n<\/tbody>\n<\/table>\n<\/div><div class=\"fusion-sep-clear\"><\/div><div class=\"fusion-separator fusion-full-width-sep\" style=\"margin-left: auto;margin-right: auto;margin-top:25px;width:100%;\"><\/div><div class=\"fusion-sep-clear\"><\/div><div class=\"fusion-button-wrapper fusion-alignleft\"><a class=\"fusion-button button-flat button-small button-custom fusion-button-default button-1 fusion-button-span-no \" style=\"--button_accent_color:#717171;--button_accent_hover_color:#717171;--button_border_hover_color:#717171;--button_border_width-top:1px;--button_border_width-right:1px;--button_border_width-bottom:1px;--button_border_width-left:1px;--button-border-radius-top-left:0px;--button-border-radius-top-right:0px;--button-border-radius-bottom-right:0px;--button-border-radius-bottom-left:0px;--button_gradient_top_color:#f2f2f2;--button_gradient_bottom_color:#f2f2f2;--button_gradient_top_color_hover:#ffffff;--button_gradient_bottom_color_hover:#ffffff;\" target=\"_blank\" rel=\"noopener noreferrer\" href=\"https:\/\/www.fondationpierrefabre.org\/wp-content\/uploads\/sites\/2\/2026\/01\/Charge.e-du-SERA_.pdf\"><i class=\"fa-download fas awb-button__icon awb-button__icon--default button-icon-left\" aria-hidden=\"true\"><\/i><span class=\"fusion-button-text awb-button__text awb-button__text--default\">T\u00e9l\u00e9charger le d\u00e9tail de l&rsquo;offre<\/span><\/a><\/div><div class=\"fusion-sep-clear\"><\/div><div class=\"fusion-separator fusion-full-width-sep\" style=\"margin-left: auto;margin-right: auto;margin-top:15px;width:100%;\"><\/div><div class=\"fusion-sep-clear\"><\/div><div class=\"fusion-button-wrapper fusion-alignleft\"><a class=\"fusion-button button-flat button-small button-custom fusion-button-default button-2 fusion-button-span-no \" style=\"--button_accent_color:#717171;--button_accent_hover_color:#717171;--button_border_hover_color:#717171;--button_border_width-top:1px;--button_border_width-right:1px;--button_border_width-bottom:1px;--button_border_width-left:1px;--button-border-radius-top-left:0px;--button-border-radius-top-right:0px;--button-border-radius-bottom-right:0px;--button-border-radius-bottom-left:0px;--button_gradient_top_color:#f2f2f2;--button_gradient_bottom_color:#f2f2f2;--button_gradient_top_color_hover:#ffffff;--button_gradient_bottom_color_hover:#ffffff;\" target=\"_blank\" rel=\"noopener noreferrer\" href=\"\/fr\/connaitre-la-fondation\/rejoignez-nous\/\"><i class=\"fa-eye fas awb-button__icon awb-button__icon--default button-icon-left\" aria-hidden=\"true\"><\/i><span class=\"fusion-button-text awb-button__text awb-button__text--default\">Voir toutes nos offres<\/span><\/a><\/div><div class=\"fusion-clearfix\"><\/div><\/div><\/div><\/div><\/div><\/p>\n","protected":false},"excerpt":{"rendered":"<p>Sous la supervision de la Directrice des Programmes et en \u00e9troite collaboration avec les \u00e9quipes programmes &#038; scientifiques du si\u00e8ge, le\/la Charg\u00e9.e SERA sera r\u00e9f\u00e9rent.e SERA de la Fondation et aura pour mission d\u2019accompagner les \u00e9quipes de la FPF et ses partenaires dans la mise en place et la coordination du syst\u00e8me de suivi, d\u2019\u00e9valuation, de redevabilit\u00e9 et d\u2019apprentissage.<\/p>\n","protected":false},"author":2,"featured_media":12331,"comment_status":"closed","ping_status":"closed","sticky":false,"template":"","format":"standard","meta":{"_acf_changed":false,"footnotes":""},"categories":[369,165],"tags":[148],"class_list":["post-19354","post","type-post","status-publish","format-standard","has-post-thumbnail","hentry","category-france","category-offres-demploi","tag-france"],"acf":[],"yoast_head":"<!-- This site is optimized with the Yoast SEO plugin v27.4 - https:\/\/yoast.com\/product\/yoast-seo-wordpress\/ -->\n<title>Offre d\u2019emploi : Charg\u00e9.e Suivi, \u00c9valuation, Redevabilit\u00e9 et Apprentissage (SERA) - Fondation Pierre Fabre<\/title>\n<meta name=\"description\" content=\"Sous la supervision de la Directrice des Programmes et en \u00e9troite collaboration avec les \u00e9quipes programmes &amp; scientifiques du si\u00e8ge, le\/la Charg\u00e9.e SERA sera r\u00e9f\u00e9rent.e SERA de la Fondation et aura pour mission d\u2019accompagner les \u00e9quipes de la FPF et ses partenaires dans la mise en place et la coordination du syst\u00e8me de suivi, d\u2019\u00e9valuation, de redevabilit\u00e9 et d\u2019apprentissage.\" \/>\n<meta name=\"robots\" content=\"index, follow, max-snippet:-1, max-image-preview:large, max-video-preview:-1\" \/>\n<link rel=\"canonical\" href=\"https:\/\/www.fondationpierrefabre.org\/fr\/offres-demploi\/offre-demploi-charge-e-suivi-evaluation-redevabilite-et-apprentissage-sera\/\" \/>\n<meta property=\"og:locale\" content=\"fr_FR\" \/>\n<meta property=\"og:type\" content=\"article\" \/>\n<meta property=\"og:title\" content=\"Offre d\u2019emploi : Charg\u00e9.e Suivi, \u00c9valuation, Redevabilit\u00e9 et Apprentissage (SERA) - Fondation Pierre Fabre\" \/>\n<meta property=\"og:description\" content=\"Sous la supervision de la Directrice des Programmes et en \u00e9troite collaboration avec les \u00e9quipes programmes &amp; scientifiques du si\u00e8ge, le\/la Charg\u00e9.e SERA sera r\u00e9f\u00e9rent.e SERA de la Fondation et aura pour mission d\u2019accompagner les \u00e9quipes de la FPF et ses partenaires dans la mise en place et la coordination du syst\u00e8me de suivi, d\u2019\u00e9valuation, de redevabilit\u00e9 et d\u2019apprentissage.\" \/>\n<meta property=\"og:url\" content=\"https:\/\/www.fondationpierrefabre.org\/fr\/offres-demploi\/offre-demploi-charge-e-suivi-evaluation-redevabilite-et-apprentissage-sera\/\" \/>\n<meta property=\"og:site_name\" content=\"Fondation Pierre Fabre\" \/>\n<meta property=\"article:publisher\" content=\"https:\/\/www.facebook.com\/FondationPierreFabre\/\" \/>\n<meta property=\"article:published_time\" content=\"2025-12-23T15:04:39+00:00\" \/>\n<meta property=\"article:modified_time\" content=\"2026-02-25T15:38:42+00:00\" \/>\n<meta property=\"og:image\" content=\"https:\/\/www.fondationpierrefabre.org\/wp-content\/uploads\/sites\/2\/2022\/09\/Offres-demploi.jpg\" \/>\n\t<meta property=\"og:image:width\" content=\"700\" \/>\n\t<meta property=\"og:image:height\" content=\"494\" \/>\n\t<meta property=\"og:image:type\" content=\"image\/jpeg\" \/>\n<meta name=\"author\" content=\"pbouchayer\" \/>\n<meta name=\"twitter:card\" content=\"summary_large_image\" \/>\n<meta name=\"twitter:creator\" content=\"@FondationPFabre\" \/>\n<meta name=\"twitter:site\" content=\"@FondationPFabre\" \/>\n<meta name=\"twitter:label1\" content=\"\u00c9crit par\" \/>\n\t<meta name=\"twitter:data1\" content=\"pbouchayer\" \/>\n\t<meta name=\"twitter:label2\" content=\"Dur\u00e9e de lecture estim\u00e9e\" \/>\n\t<meta name=\"twitter:data2\" content=\"9 minutes\" \/>\n<script type=\"application\/ld+json\" class=\"yoast-schema-graph\">{\"@context\":\"https:\\\/\\\/schema.org\",\"@graph\":[{\"@type\":\"Article\",\"@id\":\"https:\\\/\\\/www.fondationpierrefabre.org\\\/fr\\\/offres-demploi\\\/offre-demploi-charge-e-suivi-evaluation-redevabilite-et-apprentissage-sera\\\/#article\",\"isPartOf\":{\"@id\":\"https:\\\/\\\/www.fondationpierrefabre.org\\\/fr\\\/offres-demploi\\\/offre-demploi-charge-e-suivi-evaluation-redevabilite-et-apprentissage-sera\\\/\"},\"author\":{\"name\":\"pbouchayer\",\"@id\":\"https:\\\/\\\/www.fondationpierrefabre.org\\\/fr\\\/#\\\/schema\\\/person\\\/df1e5cd1b57fe93bcbe0f2966c947d31\"},\"headline\":\"Offre d\u2019emploi : Charg\u00e9.e Suivi, \u00c9valuation, Redevabilit\u00e9 et Apprentissage (SERA)\",\"datePublished\":\"2025-12-23T15:04:39+00:00\",\"dateModified\":\"2026-02-25T15:38:42+00:00\",\"mainEntityOfPage\":{\"@id\":\"https:\\\/\\\/www.fondationpierrefabre.org\\\/fr\\\/offres-demploi\\\/offre-demploi-charge-e-suivi-evaluation-redevabilite-et-apprentissage-sera\\\/\"},\"wordCount\":2469,\"publisher\":{\"@id\":\"https:\\\/\\\/www.fondationpierrefabre.org\\\/fr\\\/#organization\"},\"image\":{\"@id\":\"https:\\\/\\\/www.fondationpierrefabre.org\\\/fr\\\/offres-demploi\\\/offre-demploi-charge-e-suivi-evaluation-redevabilite-et-apprentissage-sera\\\/#primaryimage\"},\"thumbnailUrl\":\"https:\\\/\\\/www.fondationpierrefabre.org\\\/wp-content\\\/uploads\\\/sites\\\/2\\\/2022\\\/09\\\/Offres-demploi.jpg\",\"keywords\":[\"France\"],\"articleSection\":[\"France\",\"Offres d'emploi\"],\"inLanguage\":\"fr-FR\"},{\"@type\":\"WebPage\",\"@id\":\"https:\\\/\\\/www.fondationpierrefabre.org\\\/fr\\\/offres-demploi\\\/offre-demploi-charge-e-suivi-evaluation-redevabilite-et-apprentissage-sera\\\/\",\"url\":\"https:\\\/\\\/www.fondationpierrefabre.org\\\/fr\\\/offres-demploi\\\/offre-demploi-charge-e-suivi-evaluation-redevabilite-et-apprentissage-sera\\\/\",\"name\":\"Offre d\u2019emploi : Charg\u00e9.e Suivi, \u00c9valuation, Redevabilit\u00e9 et Apprentissage (SERA) - Fondation Pierre Fabre\",\"isPartOf\":{\"@id\":\"https:\\\/\\\/www.fondationpierrefabre.org\\\/fr\\\/#website\"},\"primaryImageOfPage\":{\"@id\":\"https:\\\/\\\/www.fondationpierrefabre.org\\\/fr\\\/offres-demploi\\\/offre-demploi-charge-e-suivi-evaluation-redevabilite-et-apprentissage-sera\\\/#primaryimage\"},\"image\":{\"@id\":\"https:\\\/\\\/www.fondationpierrefabre.org\\\/fr\\\/offres-demploi\\\/offre-demploi-charge-e-suivi-evaluation-redevabilite-et-apprentissage-sera\\\/#primaryimage\"},\"thumbnailUrl\":\"https:\\\/\\\/www.fondationpierrefabre.org\\\/wp-content\\\/uploads\\\/sites\\\/2\\\/2022\\\/09\\\/Offres-demploi.jpg\",\"datePublished\":\"2025-12-23T15:04:39+00:00\",\"dateModified\":\"2026-02-25T15:38:42+00:00\",\"description\":\"Sous la supervision de la Directrice des Programmes et en \u00e9troite collaboration avec les \u00e9quipes programmes & scientifiques du si\u00e8ge, le\\\/la Charg\u00e9.e SERA sera r\u00e9f\u00e9rent.e SERA de la Fondation et aura pour mission d\u2019accompagner les \u00e9quipes de la FPF et ses partenaires dans la mise en place et la coordination du syst\u00e8me de suivi, d\u2019\u00e9valuation, de redevabilit\u00e9 et d\u2019apprentissage.\",\"breadcrumb\":{\"@id\":\"https:\\\/\\\/www.fondationpierrefabre.org\\\/fr\\\/offres-demploi\\\/offre-demploi-charge-e-suivi-evaluation-redevabilite-et-apprentissage-sera\\\/#breadcrumb\"},\"inLanguage\":\"fr-FR\",\"potentialAction\":[{\"@type\":\"ReadAction\",\"target\":[\"https:\\\/\\\/www.fondationpierrefabre.org\\\/fr\\\/offres-demploi\\\/offre-demploi-charge-e-suivi-evaluation-redevabilite-et-apprentissage-sera\\\/\"]}]},{\"@type\":\"ImageObject\",\"inLanguage\":\"fr-FR\",\"@id\":\"https:\\\/\\\/www.fondationpierrefabre.org\\\/fr\\\/offres-demploi\\\/offre-demploi-charge-e-suivi-evaluation-redevabilite-et-apprentissage-sera\\\/#primaryimage\",\"url\":\"https:\\\/\\\/www.fondationpierrefabre.org\\\/wp-content\\\/uploads\\\/sites\\\/2\\\/2022\\\/09\\\/Offres-demploi.jpg\",\"contentUrl\":\"https:\\\/\\\/www.fondationpierrefabre.org\\\/wp-content\\\/uploads\\\/sites\\\/2\\\/2022\\\/09\\\/Offres-demploi.jpg\",\"width\":700,\"height\":494},{\"@type\":\"BreadcrumbList\",\"@id\":\"https:\\\/\\\/www.fondationpierrefabre.org\\\/fr\\\/offres-demploi\\\/offre-demploi-charge-e-suivi-evaluation-redevabilite-et-apprentissage-sera\\\/#breadcrumb\",\"itemListElement\":[{\"@type\":\"ListItem\",\"position\":1,\"name\":\"\",\"item\":\"https:\\\/\\\/www.fondationpierrefabre.org\\\/fr\\\/\"},{\"@type\":\"ListItem\",\"position\":2,\"name\":\"Offre d\u2019emploi : Charg\u00e9.e Suivi, \u00c9valuation, Redevabilit\u00e9 et Apprentissage (SERA)\"}]},{\"@type\":\"WebSite\",\"@id\":\"https:\\\/\\\/www.fondationpierrefabre.org\\\/fr\\\/#website\",\"url\":\"https:\\\/\\\/www.fondationpierrefabre.org\\\/fr\\\/\",\"name\":\"Fondation Pierre Fabre\",\"description\":\"Acc\u00e8s aux soins de qualit\u00e9 pour tous\",\"publisher\":{\"@id\":\"https:\\\/\\\/www.fondationpierrefabre.org\\\/fr\\\/#organization\"},\"potentialAction\":[{\"@type\":\"SearchAction\",\"target\":{\"@type\":\"EntryPoint\",\"urlTemplate\":\"https:\\\/\\\/www.fondationpierrefabre.org\\\/fr\\\/?s={search_term_string}\"},\"query-input\":{\"@type\":\"PropertyValueSpecification\",\"valueRequired\":true,\"valueName\":\"search_term_string\"}}],\"inLanguage\":\"fr-FR\"},{\"@type\":\"Organization\",\"@id\":\"https:\\\/\\\/www.fondationpierrefabre.org\\\/fr\\\/#organization\",\"name\":\"Fondation Pierre Fabre\",\"alternateName\":\"FPF\",\"url\":\"https:\\\/\\\/www.fondationpierrefabre.org\\\/fr\\\/\",\"logo\":{\"@type\":\"ImageObject\",\"inLanguage\":\"fr-FR\",\"@id\":\"https:\\\/\\\/www.fondationpierrefabre.org\\\/fr\\\/#\\\/schema\\\/logo\\\/image\\\/\",\"url\":\"https:\\\/\\\/www.fondationpierrefabre.org\\\/wp-content\\\/uploads\\\/sites\\\/2\\\/2020\\\/03\\\/FPF_Logo500.png\",\"contentUrl\":\"https:\\\/\\\/www.fondationpierrefabre.org\\\/wp-content\\\/uploads\\\/sites\\\/2\\\/2020\\\/03\\\/FPF_Logo500.png\",\"width\":500,\"height\":155,\"caption\":\"Fondation Pierre Fabre\"},\"image\":{\"@id\":\"https:\\\/\\\/www.fondationpierrefabre.org\\\/fr\\\/#\\\/schema\\\/logo\\\/image\\\/\"},\"sameAs\":[\"https:\\\/\\\/www.facebook.com\\\/FondationPierreFabre\\\/\",\"https:\\\/\\\/x.com\\\/FondationPFabre\",\"https:\\\/\\\/www.linkedin.com\\\/company\\\/fondation_pierrefabre\\\/\",\"https:\\\/\\\/www.youtube.com\\\/channel\\\/UCSTB8YVIiEnbarvfFcQ-4UA\"]},{\"@type\":\"Person\",\"@id\":\"https:\\\/\\\/www.fondationpierrefabre.org\\\/fr\\\/#\\\/schema\\\/person\\\/df1e5cd1b57fe93bcbe0f2966c947d31\",\"name\":\"pbouchayer\",\"image\":{\"@type\":\"ImageObject\",\"inLanguage\":\"fr-FR\",\"@id\":\"https:\\\/\\\/secure.gravatar.com\\\/avatar\\\/1fb74fa2f89a56252ed0b647147168629eb7dc2a02d9e12454fd4a80e5c9ba5d?s=96&d=mm&r=g\",\"url\":\"https:\\\/\\\/secure.gravatar.com\\\/avatar\\\/1fb74fa2f89a56252ed0b647147168629eb7dc2a02d9e12454fd4a80e5c9ba5d?s=96&d=mm&r=g\",\"contentUrl\":\"https:\\\/\\\/secure.gravatar.com\\\/avatar\\\/1fb74fa2f89a56252ed0b647147168629eb7dc2a02d9e12454fd4a80e5c9ba5d?s=96&d=mm&r=g\",\"caption\":\"pbouchayer\"}}]}<\/script>\n<!-- \/ Yoast SEO plugin. -->","yoast_head_json":{"title":"Offre d\u2019emploi : Charg\u00e9.e Suivi, \u00c9valuation, Redevabilit\u00e9 et Apprentissage (SERA) - Fondation Pierre Fabre","description":"Sous la supervision de la Directrice des Programmes et en \u00e9troite collaboration avec les \u00e9quipes programmes & scientifiques du si\u00e8ge, le\/la Charg\u00e9.e SERA sera r\u00e9f\u00e9rent.e SERA de la Fondation et aura pour mission d\u2019accompagner les \u00e9quipes de la FPF et ses partenaires dans la mise en place et la coordination du syst\u00e8me de suivi, d\u2019\u00e9valuation, de redevabilit\u00e9 et d\u2019apprentissage.","robots":{"index":"index","follow":"follow","max-snippet":"max-snippet:-1","max-image-preview":"max-image-preview:large","max-video-preview":"max-video-preview:-1"},"canonical":"https:\/\/www.fondationpierrefabre.org\/fr\/offres-demploi\/offre-demploi-charge-e-suivi-evaluation-redevabilite-et-apprentissage-sera\/","og_locale":"fr_FR","og_type":"article","og_title":"Offre d\u2019emploi : Charg\u00e9.e Suivi, \u00c9valuation, Redevabilit\u00e9 et Apprentissage (SERA) - Fondation Pierre Fabre","og_description":"Sous la supervision de la Directrice des Programmes et en \u00e9troite collaboration avec les \u00e9quipes programmes & scientifiques du si\u00e8ge, le\/la Charg\u00e9.e SERA sera r\u00e9f\u00e9rent.e SERA de la Fondation et aura pour mission d\u2019accompagner les \u00e9quipes de la FPF et ses partenaires dans la mise en place et la coordination du syst\u00e8me de suivi, d\u2019\u00e9valuation, de redevabilit\u00e9 et d\u2019apprentissage.","og_url":"https:\/\/www.fondationpierrefabre.org\/fr\/offres-demploi\/offre-demploi-charge-e-suivi-evaluation-redevabilite-et-apprentissage-sera\/","og_site_name":"Fondation Pierre Fabre","article_publisher":"https:\/\/www.facebook.com\/FondationPierreFabre\/","article_published_time":"2025-12-23T15:04:39+00:00","article_modified_time":"2026-02-25T15:38:42+00:00","og_image":[{"width":700,"height":494,"url":"https:\/\/www.fondationpierrefabre.org\/wp-content\/uploads\/sites\/2\/2022\/09\/Offres-demploi.jpg","type":"image\/jpeg"}],"author":"pbouchayer","twitter_card":"summary_large_image","twitter_creator":"@FondationPFabre","twitter_site":"@FondationPFabre","twitter_misc":{"\u00c9crit par":"pbouchayer","Dur\u00e9e de lecture estim\u00e9e":"9 minutes"},"schema":{"@context":"https:\/\/schema.org","@graph":[{"@type":"Article","@id":"https:\/\/www.fondationpierrefabre.org\/fr\/offres-demploi\/offre-demploi-charge-e-suivi-evaluation-redevabilite-et-apprentissage-sera\/#article","isPartOf":{"@id":"https:\/\/www.fondationpierrefabre.org\/fr\/offres-demploi\/offre-demploi-charge-e-suivi-evaluation-redevabilite-et-apprentissage-sera\/"},"author":{"name":"pbouchayer","@id":"https:\/\/www.fondationpierrefabre.org\/fr\/#\/schema\/person\/df1e5cd1b57fe93bcbe0f2966c947d31"},"headline":"Offre d\u2019emploi : Charg\u00e9.e Suivi, \u00c9valuation, Redevabilit\u00e9 et Apprentissage (SERA)","datePublished":"2025-12-23T15:04:39+00:00","dateModified":"2026-02-25T15:38:42+00:00","mainEntityOfPage":{"@id":"https:\/\/www.fondationpierrefabre.org\/fr\/offres-demploi\/offre-demploi-charge-e-suivi-evaluation-redevabilite-et-apprentissage-sera\/"},"wordCount":2469,"publisher":{"@id":"https:\/\/www.fondationpierrefabre.org\/fr\/#organization"},"image":{"@id":"https:\/\/www.fondationpierrefabre.org\/fr\/offres-demploi\/offre-demploi-charge-e-suivi-evaluation-redevabilite-et-apprentissage-sera\/#primaryimage"},"thumbnailUrl":"https:\/\/www.fondationpierrefabre.org\/wp-content\/uploads\/sites\/2\/2022\/09\/Offres-demploi.jpg","keywords":["France"],"articleSection":["France","Offres d'emploi"],"inLanguage":"fr-FR"},{"@type":"WebPage","@id":"https:\/\/www.fondationpierrefabre.org\/fr\/offres-demploi\/offre-demploi-charge-e-suivi-evaluation-redevabilite-et-apprentissage-sera\/","url":"https:\/\/www.fondationpierrefabre.org\/fr\/offres-demploi\/offre-demploi-charge-e-suivi-evaluation-redevabilite-et-apprentissage-sera\/","name":"Offre d\u2019emploi : Charg\u00e9.e Suivi, \u00c9valuation, Redevabilit\u00e9 et Apprentissage (SERA) - Fondation Pierre Fabre","isPartOf":{"@id":"https:\/\/www.fondationpierrefabre.org\/fr\/#website"},"primaryImageOfPage":{"@id":"https:\/\/www.fondationpierrefabre.org\/fr\/offres-demploi\/offre-demploi-charge-e-suivi-evaluation-redevabilite-et-apprentissage-sera\/#primaryimage"},"image":{"@id":"https:\/\/www.fondationpierrefabre.org\/fr\/offres-demploi\/offre-demploi-charge-e-suivi-evaluation-redevabilite-et-apprentissage-sera\/#primaryimage"},"thumbnailUrl":"https:\/\/www.fondationpierrefabre.org\/wp-content\/uploads\/sites\/2\/2022\/09\/Offres-demploi.jpg","datePublished":"2025-12-23T15:04:39+00:00","dateModified":"2026-02-25T15:38:42+00:00","description":"Sous la supervision de la Directrice des Programmes et en \u00e9troite collaboration avec les \u00e9quipes programmes & scientifiques du si\u00e8ge, le\/la Charg\u00e9.e SERA sera r\u00e9f\u00e9rent.e SERA de la Fondation et aura pour mission d\u2019accompagner les \u00e9quipes de la FPF et ses partenaires dans la mise en place et la coordination du syst\u00e8me de suivi, d\u2019\u00e9valuation, de redevabilit\u00e9 et d\u2019apprentissage.","breadcrumb":{"@id":"https:\/\/www.fondationpierrefabre.org\/fr\/offres-demploi\/offre-demploi-charge-e-suivi-evaluation-redevabilite-et-apprentissage-sera\/#breadcrumb"},"inLanguage":"fr-FR","potentialAction":[{"@type":"ReadAction","target":["https:\/\/www.fondationpierrefabre.org\/fr\/offres-demploi\/offre-demploi-charge-e-suivi-evaluation-redevabilite-et-apprentissage-sera\/"]}]},{"@type":"ImageObject","inLanguage":"fr-FR","@id":"https:\/\/www.fondationpierrefabre.org\/fr\/offres-demploi\/offre-demploi-charge-e-suivi-evaluation-redevabilite-et-apprentissage-sera\/#primaryimage","url":"https:\/\/www.fondationpierrefabre.org\/wp-content\/uploads\/sites\/2\/2022\/09\/Offres-demploi.jpg","contentUrl":"https:\/\/www.fondationpierrefabre.org\/wp-content\/uploads\/sites\/2\/2022\/09\/Offres-demploi.jpg","width":700,"height":494},{"@type":"BreadcrumbList","@id":"https:\/\/www.fondationpierrefabre.org\/fr\/offres-demploi\/offre-demploi-charge-e-suivi-evaluation-redevabilite-et-apprentissage-sera\/#breadcrumb","itemListElement":[{"@type":"ListItem","position":1,"name":"","item":"https:\/\/www.fondationpierrefabre.org\/fr\/"},{"@type":"ListItem","position":2,"name":"Offre d\u2019emploi : Charg\u00e9.e Suivi, \u00c9valuation, Redevabilit\u00e9 et Apprentissage (SERA)"}]},{"@type":"WebSite","@id":"https:\/\/www.fondationpierrefabre.org\/fr\/#website","url":"https:\/\/www.fondationpierrefabre.org\/fr\/","name":"Fondation Pierre Fabre","description":"Acc\u00e8s aux soins de qualit\u00e9 pour tous","publisher":{"@id":"https:\/\/www.fondationpierrefabre.org\/fr\/#organization"},"potentialAction":[{"@type":"SearchAction","target":{"@type":"EntryPoint","urlTemplate":"https:\/\/www.fondationpierrefabre.org\/fr\/?s={search_term_string}"},"query-input":{"@type":"PropertyValueSpecification","valueRequired":true,"valueName":"search_term_string"}}],"inLanguage":"fr-FR"},{"@type":"Organization","@id":"https:\/\/www.fondationpierrefabre.org\/fr\/#organization","name":"Fondation Pierre Fabre","alternateName":"FPF","url":"https:\/\/www.fondationpierrefabre.org\/fr\/","logo":{"@type":"ImageObject","inLanguage":"fr-FR","@id":"https:\/\/www.fondationpierrefabre.org\/fr\/#\/schema\/logo\/image\/","url":"https:\/\/www.fondationpierrefabre.org\/wp-content\/uploads\/sites\/2\/2020\/03\/FPF_Logo500.png","contentUrl":"https:\/\/www.fondationpierrefabre.org\/wp-content\/uploads\/sites\/2\/2020\/03\/FPF_Logo500.png","width":500,"height":155,"caption":"Fondation Pierre Fabre"},"image":{"@id":"https:\/\/www.fondationpierrefabre.org\/fr\/#\/schema\/logo\/image\/"},"sameAs":["https:\/\/www.facebook.com\/FondationPierreFabre\/","https:\/\/x.com\/FondationPFabre","https:\/\/www.linkedin.com\/company\/fondation_pierrefabre\/","https:\/\/www.youtube.com\/channel\/UCSTB8YVIiEnbarvfFcQ-4UA"]},{"@type":"Person","@id":"https:\/\/www.fondationpierrefabre.org\/fr\/#\/schema\/person\/df1e5cd1b57fe93bcbe0f2966c947d31","name":"pbouchayer","image":{"@type":"ImageObject","inLanguage":"fr-FR","@id":"https:\/\/secure.gravatar.com\/avatar\/1fb74fa2f89a56252ed0b647147168629eb7dc2a02d9e12454fd4a80e5c9ba5d?s=96&d=mm&r=g","url":"https:\/\/secure.gravatar.com\/avatar\/1fb74fa2f89a56252ed0b647147168629eb7dc2a02d9e12454fd4a80e5c9ba5d?s=96&d=mm&r=g","contentUrl":"https:\/\/secure.gravatar.com\/avatar\/1fb74fa2f89a56252ed0b647147168629eb7dc2a02d9e12454fd4a80e5c9ba5d?s=96&d=mm&r=g","caption":"pbouchayer"}}]}},"_links":{"self":[{"href":"https:\/\/www.fondationpierrefabre.org\/fr\/wp-json\/wp\/v2\/posts\/19354","targetHints":{"allow":["GET"]}}],"collection":[{"href":"https:\/\/www.fondationpierrefabre.org\/fr\/wp-json\/wp\/v2\/posts"}],"about":[{"href":"https:\/\/www.fondationpierrefabre.org\/fr\/wp-json\/wp\/v2\/types\/post"}],"author":[{"embeddable":true,"href":"https:\/\/www.fondationpierrefabre.org\/fr\/wp-json\/wp\/v2\/users\/2"}],"replies":[{"embeddable":true,"href":"https:\/\/www.fondationpierrefabre.org\/fr\/wp-json\/wp\/v2\/comments?post=19354"}],"version-history":[{"count":6,"href":"https:\/\/www.fondationpierrefabre.org\/fr\/wp-json\/wp\/v2\/posts\/19354\/revisions"}],"predecessor-version":[{"id":19513,"href":"https:\/\/www.fondationpierrefabre.org\/fr\/wp-json\/wp\/v2\/posts\/19354\/revisions\/19513"}],"wp:featuredmedia":[{"embeddable":true,"href":"https:\/\/www.fondationpierrefabre.org\/fr\/wp-json\/wp\/v2\/media\/12331"}],"wp:attachment":[{"href":"https:\/\/www.fondationpierrefabre.org\/fr\/wp-json\/wp\/v2\/media?parent=19354"}],"wp:term":[{"taxonomy":"category","embeddable":true,"href":"https:\/\/www.fondationpierrefabre.org\/fr\/wp-json\/wp\/v2\/categories?post=19354"},{"taxonomy":"post_tag","embeddable":true,"href":"https:\/\/www.fondationpierrefabre.org\/fr\/wp-json\/wp\/v2\/tags?post=19354"}],"curies":[{"name":"wp","href":"https:\/\/api.w.org\/{rel}","templated":true}]}}