{"id":19328,"date":"2025-12-11T09:48:21","date_gmt":"2025-12-11T08:48:21","guid":{"rendered":"https:\/\/www.fondationpierrefabre.org\/?p=19328"},"modified":"2026-04-16T18:05:36","modified_gmt":"2026-04-16T16:05:36","slug":"offre-demploi-gestionnaire-financier-projet","status":"publish","type":"post","link":"https:\/\/www.fondationpierrefabre.org\/fr\/offres-demploi\/offre-demploi-gestionnaire-financier-projet\/","title":{"rendered":"Offre d\u2019emploi : Gestionnaire Financier Projet"},"content":{"rendered":"<p><div class=\"fusion-fullwidth fullwidth-box fusion-builder-row-1 nonhundred-percent-fullwidth non-hundred-percent-height-scrolling\" style=\"--awb-border-radius-top-left:0px;--awb-border-radius-top-right:0px;--awb-border-radius-bottom-right:0px;--awb-border-radius-bottom-left:0px;--awb-margin-bottom:30px;--awb-background-color:#f2f2f2;--awb-flex-wrap:wrap;\" ><div class=\"fusion-builder-row fusion-row\"><div class=\"fusion-layout-column fusion_builder_column fusion-builder-column-0 fusion_builder_column_1_1 1_1 fusion-one-full fusion-column-first fusion-column-last\" style=\"--awb-bg-size:cover;\"><div class=\"fusion-column-wrapper fusion-flex-column-wrapper-legacy\"><div class=\"fusion-text fusion-text-1\"><h1 style=\"text-align: center;\">Offre d\u2019emploi : Gestionnaire Financier Projet<\/h1>\n<\/div><div class=\"fusion-clearfix\"><\/div><\/div><\/div><\/div><\/div><div class=\"fusion-fullwidth fullwidth-box fusion-builder-row-2 nonhundred-percent-fullwidth non-hundred-percent-height-scrolling\" style=\"--awb-border-radius-top-left:0px;--awb-border-radius-top-right:0px;--awb-border-radius-bottom-right:0px;--awb-border-radius-bottom-left:0px;--awb-flex-wrap:wrap;\" ><div class=\"fusion-builder-row fusion-row\"><div class=\"fusion-layout-column fusion_builder_column fusion-builder-column-1 fusion_builder_column_1_1 1_1 fusion-one-full fusion-column-first fusion-column-last\" style=\"--awb-bg-size:cover;\"><div class=\"fusion-column-wrapper fusion-flex-column-wrapper-legacy\"><div class=\"fusion-text fusion-text-2\"><p><strong>11\/12\/2025<\/strong><\/p>\n<p><strong>Dans un contexte de forte croissance de ses activit\u00e9s, la Fondation Pierre Fabre renforce son P\u00f4le Cofinancement et recherche un.e Gestionnaire Financier Projet charg\u00e9.e d\u2019assurer la gestion comptable et financi\u00e8re des projets cofinanc\u00e9s par des bailleurs institutionnels ou des projets en fonds propres.<\/strong><\/p>\n<div class=\"fusion-sep-clear\"><\/div><div class=\"fusion-separator fusion-full-width-sep\" style=\"margin-left: auto;margin-right: auto;margin-top:25px;width:100%;\"><\/div><div class=\"fusion-sep-clear\"><\/div>\n<p><span style=\"font-size: 14pt; color: #14769e;\"><strong>\u00c0 PROPOS DE LA FONDATION PIERRE FABRE<\/strong><\/span><\/p>\n<p>Reconnue d\u2019utilit\u00e9 publique, la Fondation Pierre Fabre agit depuis 1999 pour am\u00e9liorer l\u2019acc\u00e8s aux soins dans les pays les plus vuln\u00e9rables. Elle intervient dans 21 pays \u00e0 travers 35 programmes autour de cinq axes : formation pharmaceutique, dr\u00e9panocytose, acc\u00e8s aux soins des populations vuln\u00e9rables, dermatologie et e-sant\u00e9.<\/p>\n<p>Les projets financ\u00e9s par la Fondation sont men\u00e9s en partenariat \u00e9troit avec des institutions internationales et des bailleurs tels que l\u2019AFD, l\u2019Union Europ\u00e9enne, le CDCS ou encore les agences onusiennes.<\/p>\n<div class=\"fusion-sep-clear\"><\/div><div class=\"fusion-separator fusion-full-width-sep\" style=\"margin-left: auto;margin-right: auto;margin-top:25px;width:100%;\"><\/div><div class=\"fusion-sep-clear\"><\/div>\n<p><span style=\"font-size: 14pt; color: #14769e;\"><strong>CONTEXTE DU POSTE \u2013 NOS PROJETS COFINANCES ET FONDS PROPRES<\/strong><\/span><\/p>\n<p>Dans un contexte de <strong>forte croissance de ses activit\u00e9s<\/strong>, la Fondation Pierre Fabre renforce son P\u00f4le Cofinancement.<\/p>\n<p>Nous recherchons un.e Gestionnaire Financier Projet charg\u00e9.e d\u2019assurer la <strong>gestion comptable et financi\u00e8re des projets cofinanc\u00e9s<\/strong> par des bailleurs institutionnels ou des projets en fonds propres.<\/p>\n<p>Rattach\u00e9 \u00e0 la Responsable du P\u00f4le, le poste se situe <strong>au c\u0153ur des \u00e9changes entre les \u00e9quipes op\u00e9rationnelles du si\u00e8ge, les \u00e9quipes terrain et les bailleurs<\/strong>. Il n\u00e9cessite une r\u00e9elle aisance dans un environnement <strong>international, complexe et transversal<\/strong>, ainsi qu\u2019un go\u00fbt pour <strong>l\u2019am\u00e9lioration continue<\/strong>.<\/p>\n<p>Rejoindre le P\u00f4le Cofinancement, c\u2019est \u00e9voluer dans un environnement exigeant, o\u00f9 <strong>la rigueur financi\u00e8re, la conformit\u00e9 et la fiabilit\u00e9 des donn\u00e9es<\/strong> sont essentielles pour garantir l\u2019impact des projets et maintenir la confiance des partenaires.<\/p>\n<p>Le poste est bas\u00e9 \u00e0 Lavaur, \u00e0 En Doyse au si\u00e8ge de la Fondation, avec <strong>deux jours de t\u00e9l\u00e9travail<\/strong> par semaine, dans le cadre d\u2019un <strong>CDI, \u00e0 pourvoir imm\u00e9diatement<\/strong>.<\/p>\n<div class=\"fusion-sep-clear\"><\/div><div class=\"fusion-separator fusion-full-width-sep\" style=\"margin-left: auto;margin-right: auto;margin-top:25px;width:100%;\"><\/div><div class=\"fusion-sep-clear\"><\/div>\n<p><span style=\"font-size: 14pt; color: #14769e;\"><strong>VOS PRINCIPALES MISSIONS<\/strong><\/span><\/p>\n<p><strong>Gestion budg\u00e9taire et financi\u00e8re des projets cofinanc\u00e9s<\/strong><\/p>\n<ul>\n<li>R\u00e9aliser la comptabilit\u00e9 analytique si\u00e8ge \/ terrain et int\u00e9grer les donn\u00e9es financi\u00e8res (SAGE, SAGA, XLS).<\/li>\n<li>Suivre les consomm\u00e9s, contr\u00f4ler l\u2019\u00e9ligibilit\u00e9 des d\u00e9penses et garantir la conformit\u00e9 bailleurs.<\/li>\n<li>Participer \u00e0 l\u2019\u00e9laboration des budgets initiaux et r\u00e9visions budg\u00e9taires (revenus, d\u00e9penses, tr\u00e9sorerie).<\/li>\n<li>Recueillir et consolider les donn\u00e9es chiffr\u00e9es et qualitatives et produire les Tableaux de Bord<\/li>\n<li>S\u2019assurer de la cl\u00f4ture mensuelle et p\u00e9riodique de comptes projets (comptabilit\u00e9s terrain et si\u00e8ge)<\/li>\n<\/ul>\n<p><strong>Contr\u00f4le de gestion projet<\/strong><\/p>\n<ul>\n<li>Participer \u00e0 la validation de conventions avec les bailleurs et les partenaires de projets Contr\u00f4ler la r\u00e9alisation budg\u00e9taire et les affectations analytiques.<\/li>\n<li>Valider les rapports financiers fournis par des \u00e9quipes terrain.<\/li>\n<li>R\u00e9aliser des analyses financi\u00e8res p\u00e9riodiques et ad-hoc et produire des rapports.<\/li>\n<li>Contr\u00f4ler le respect des r\u00e8gles et proc\u00e9dures internes et bailleurs.<\/li>\n<li>Identifier les risques financiers et recommander des actions.<\/li>\n<\/ul>\n<p><strong>Audits et conformit\u00e9 bailleurs<\/strong><\/p>\n<ul>\n<li>S\u2019assurer que les pi\u00e8ces justificatives sont correctement archiv\u00e9es et disponibles lors des audits.<\/li>\n<li>Participer \u00e0 la pr\u00e9paration et \u00e0 la r\u00e9alisation des audits internes et externes.<\/li>\n<li>Appliquer et mettre \u00e0 jour les manuels de proc\u00e9dures finance\/bailleur.<\/li>\n<li>Contribuer \u00e0 l\u2019am\u00e9lioration continue des proc\u00e9dures, des outils et du processus de suivi et contr\u00f4le.<\/li>\n<\/ul>\n<p><strong>Coordination et Appui aux \u00e9quipes si\u00e8ge et terrain<\/strong><\/p>\n<ul>\n<li>Accompagner les \u00e9quipes financi\u00e8res terrain dans le respect des processus et dans la ma\u00eetrise des outils administratifs et financiers.<\/li>\n<li>Former et sensibiliser les \u00e9quipes op\u00e9rationnelles aux exigences bailleurs.<\/li>\n<li>Participer \u00e0 et organiser des r\u00e9unions p\u00e9riodiques et ad-hoc pour suivre et avancer les dossiers en cours<\/li>\n<li>Assurer la circulation fluide de l\u2019information entre si\u00e8ge, terrain, les \u00e9quipes programmes concern\u00e9es et des services support sur tout sujet avec un impact financier<\/li>\n<li>Participer au partage et \u00e0 la capitalisation des bonnes pratiques<\/li>\n<li>Participer aux chantiers transverses : \u00e9volution des sch\u00e9mas analytiques, automatisation, digitalisation des process, nouveaux outils, suivi et mise en place de nouvelles r\u00e8gles bailleurs, \u2026.<\/li>\n<\/ul>\n<div class=\"fusion-sep-clear\"><\/div><div class=\"fusion-separator fusion-full-width-sep\" style=\"margin-left: auto;margin-right: auto;margin-top:25px;width:100%;\"><\/div><div class=\"fusion-sep-clear\"><\/div>\n<p><span style=\"font-size: 14pt; color: #14769e;\"><strong>VOS COMPETENCES ET QUALITES<\/strong><\/span><\/p>\n<p><strong>Formation et exp\u00e9rience<\/strong><\/p>\n<ul>\n<li>Dipl\u00f4me : <strong>DSCG, Master CCA, Audit, Finance<\/strong> ou <strong>\u00e9quivalent<\/strong>.<\/li>\n<li><strong>Minimum 8 ans d\u2019exp\u00e9rience en comptabilit\u00e9, audit ou contr\u00f4le de gestion<\/strong> avec <strong>minimum 2 ans en comptabilit\u00e9 et 2 ans en contr\u00f4le de gestion<\/strong>.<\/li>\n<li><strong>Exp\u00e9rience en gestion financi\u00e8re des projets de d\u00e9veloppement ou de solidarit\u00e9 internationale<\/strong> (ONG, Fondations, \u2026) <strong>financ\u00e9s par bailleurs<\/strong> (AFD, UE, CDCS, UN, \u2026).<\/li>\n<li>Exp\u00e9rience de projets men\u00e9s <strong>dans les pays d\u2019Afrique subsaharienne<\/strong> est grandement appr\u00e9ci\u00e9e.<\/li>\n<\/ul>\n<p><strong>Comp\u00e9tences techniques<\/strong><\/p>\n<ul>\n<li><strong>Parfaite ma\u00eetrise des outils bureautique, d\u2019Excel<\/strong> (TCD imp\u00e9ratif). <strong>Power BI<\/strong> est un vrai plus.<\/li>\n<li>Tr\u00e8s bon niveau <strong>d\u2019anglais \u00e0 l\u2019\u00e9crit et \u00e0 l\u2019oral<\/strong>.<\/li>\n<li>Connaissance des <strong>outils comptables<\/strong> et de<strong> suivi budg\u00e9taire (SAGE, SAGA)<\/strong>.<\/li>\n<\/ul>\n<p><strong>Gestion de projet<\/strong><\/p>\n<ul>\n<li>Pilotage financier de projets complexes multi-pays et <strong>gestion d\u2019interlocuteurs multiples<\/strong>.<\/li>\n<li>Capacit\u00e9 \u00e0 <strong>structurer, prioriser, d\u00e9finir et respecter les \u00e9ch\u00e9ances<\/strong><\/li>\n<li>Savoir <strong>accompagner<\/strong> les \u00e9quipes dans l\u2019appropriation et le respect des proc\u00e9dures.<\/li>\n<\/ul>\n<p><strong>Qualit\u00e9s personnelles<\/strong><\/p>\n<ul>\n<li><strong>R\u00e9elle agilit\u00e9<\/strong> pour \u00e9voluer dans un <strong>environnement parfois impr\u00e9visible et it\u00e9ratif<\/strong>, o\u00f9 les modes de fonctionnement peuvent \u00e9voluer rapidement.<\/li>\n<li><strong>Assiduit\u00e9<\/strong> avec une <strong>grande autonomie<\/strong> dans le cadre d\u2019un travail collectif.<\/li>\n<li><strong>Esprit d\u2019\u00e9quipe<\/strong> et <strong>partenarial<\/strong>, sens du <strong>d\u00e9tail<\/strong> et sens de l\u2019<strong>organisation<\/strong> et <strong>p\u00e9dagogie<\/strong><\/li>\n<li><strong>Curiosit\u00e9<\/strong> et capacit\u00e9 \u00e0 <strong>proposer des am\u00e9liorations<\/strong> ; forte <strong>capacit\u00e9 de travail<\/strong>.<\/li>\n<li><strong>Motivation<\/strong> pour travailler au sein d\u2019une ONG \/ fondation<\/li>\n<li>Excellentes capacit\u00e9s <strong>r\u00e9dactionnelles et relationnelles<\/strong>.<\/li>\n<\/ul>\n<div class=\"fusion-sep-clear\"><\/div><div class=\"fusion-separator fusion-full-width-sep\" style=\"margin-left: auto;margin-right: auto;margin-top:25px;width:100%;\"><\/div><div class=\"fusion-sep-clear\"><\/div>\n<table style=\"width: 100%; border-collapse: collapse;\" border=\"#14769e\">\n<tbody>\n<tr>\n<td style=\"width: 100%; text-align: center;\"><span style=\"font-size: 13pt;\">Pour postuler, merci de nous faire parvenir votre candidature (CV et lettre de motivation) <strong>avant le 20\/01\/2026<\/strong> \u00e0<br \/>\n<\/span><span style=\"font-size: 13pt;\"><strong><a href=\"mailto:recrutement@fondationpierrefabre.org\">recrutement@fondationpierrefabre.org<\/a><\/strong> avec en sujet la r\u00e9f\u00e9rence : \u00ab <strong>Gestionnaire Financier Projet<\/strong> \u00bb.<\/span><\/td>\n<\/tr>\n<\/tbody>\n<\/table>\n<\/div><div class=\"fusion-sep-clear\"><\/div><div class=\"fusion-separator fusion-full-width-sep\" style=\"margin-left: auto;margin-right: auto;margin-top:50px;width:100%;\"><\/div><div class=\"fusion-sep-clear\"><\/div><div class=\"fusion-button-wrapper fusion-alignleft fusion-align-inline-medium\"><a class=\"fusion-button button-flat button-small button-custom fusion-button-default button-1 fusion-button-span-no fusion-button-span-default-medium \" style=\"--button_accent_color:#717171;--button_accent_hover_color:#717171;--button_border_hover_color:#717171;--button_border_width-top:1px;--button_border_width-right:1px;--button_border_width-bottom:1px;--button_border_width-left:1px;--button-border-radius-top-left:0px;--button-border-radius-top-right:0px;--button-border-radius-bottom-right:0px;--button-border-radius-bottom-left:0px;--button_gradient_top_color:#f2f2f2;--button_gradient_bottom_color:#f2f2f2;--button_gradient_top_color_hover:#ffffff;--button_gradient_bottom_color_hover:#ffffff;\" target=\"_blank\" rel=\"noopener noreferrer\" href=\"https:\/\/www.fondationpierrefabre.org\/wp-content\/uploads\/sites\/2\/2025\/12\/Gestionnaire-Financier-Projet-Confirme_CDI.pdf\"><i class=\"fa-download fas awb-button__icon awb-button__icon--default button-icon-left\" aria-hidden=\"true\"><\/i><span class=\"fusion-button-text awb-button__text awb-button__text--default\">T\u00e9l\u00e9charger le d\u00e9tail de l&rsquo;offre<\/span><\/a><\/div><div class=\"fusion-sep-clear\"><\/div><div class=\"fusion-separator fusion-full-width-sep\" style=\"margin-left: auto;margin-right: auto;margin-top:15px;width:100%;\"><\/div><div class=\"fusion-sep-clear\"><\/div><div class=\"fusion-button-wrapper fusion-alignleft\"><a class=\"fusion-button button-flat button-small button-custom fusion-button-default button-2 fusion-button-span-no \" style=\"--button_accent_color:#717171;--button_accent_hover_color:#717171;--button_border_hover_color:#717171;--button_border_width-top:1px;--button_border_width-right:1px;--button_border_width-bottom:1px;--button_border_width-left:1px;--button-border-radius-top-left:0px;--button-border-radius-top-right:0px;--button-border-radius-bottom-right:0px;--button-border-radius-bottom-left:0px;--button_gradient_top_color:#f2f2f2;--button_gradient_bottom_color:#f2f2f2;--button_gradient_top_color_hover:#ffffff;--button_gradient_bottom_color_hover:#ffffff;\" target=\"_blank\" rel=\"noopener noreferrer\" href=\"\/fr\/connaitre-la-fondation\/rejoignez-nous\/\"><i class=\"fa-eye fas awb-button__icon awb-button__icon--default button-icon-left\" aria-hidden=\"true\"><\/i><span class=\"fusion-button-text awb-button__text awb-button__text--default\">Voir toutes nos offres<\/span><\/a><\/div><div class=\"fusion-clearfix\"><\/div><\/div><\/div><\/div><\/div><\/p>\n","protected":false},"excerpt":{"rendered":"<p>Dans un contexte de forte croissance de ses activit\u00e9s, la Fondation Pierre Fabre renforce son P\u00f4le Cofinancement et recherche un.e Gestionnaire Financier Projet charg\u00e9.e d\u2019assurer la gestion comptable et financi\u00e8re des projets cofinanc\u00e9s par des bailleurs institutionnels ou des projets en fonds propres.<\/p>\n","protected":false},"author":2,"featured_media":12331,"comment_status":"closed","ping_status":"closed","sticky":false,"template":"","format":"standard","meta":{"_acf_changed":false,"footnotes":""},"categories":[369,165],"tags":[148],"class_list":["post-19328","post","type-post","status-publish","format-standard","has-post-thumbnail","hentry","category-france","category-offres-demploi","tag-france"],"acf":[],"yoast_head":"<!-- This site is optimized with the Yoast SEO plugin v27.4 - https:\/\/yoast.com\/product\/yoast-seo-wordpress\/ -->\n<title>Offre d\u2019emploi : Gestionnaire Financier Projet - Fondation Pierre Fabre<\/title>\n<meta name=\"description\" content=\"Dans un contexte de forte croissance de ses activit\u00e9s, la Fondation Pierre Fabre renforce son P\u00f4le Cofinancement et recherche un.e Gestionnaire Financier Projet charg\u00e9.e d\u2019assurer la gestion comptable et financi\u00e8re des projets cofinanc\u00e9s par des bailleurs institutionnels ou des projets en fonds propres.\" \/>\n<meta name=\"robots\" content=\"index, follow, max-snippet:-1, max-image-preview:large, max-video-preview:-1\" \/>\n<link rel=\"canonical\" href=\"https:\/\/www.fondationpierrefabre.org\/fr\/offres-demploi\/offre-demploi-gestionnaire-financier-projet\/\" \/>\n<meta property=\"og:locale\" content=\"fr_FR\" \/>\n<meta property=\"og:type\" content=\"article\" \/>\n<meta property=\"og:title\" content=\"Offre d\u2019emploi : Gestionnaire Financier Projet - Fondation Pierre Fabre\" \/>\n<meta property=\"og:description\" content=\"Dans un contexte de forte croissance de ses activit\u00e9s, la Fondation Pierre Fabre renforce son P\u00f4le Cofinancement et recherche un.e Gestionnaire Financier Projet charg\u00e9.e d\u2019assurer la gestion comptable et financi\u00e8re des projets cofinanc\u00e9s par des bailleurs institutionnels ou des projets en fonds propres.\" \/>\n<meta property=\"og:url\" content=\"https:\/\/www.fondationpierrefabre.org\/fr\/offres-demploi\/offre-demploi-gestionnaire-financier-projet\/\" \/>\n<meta property=\"og:site_name\" content=\"Fondation Pierre Fabre\" \/>\n<meta property=\"article:publisher\" content=\"https:\/\/www.facebook.com\/FondationPierreFabre\/\" \/>\n<meta property=\"article:published_time\" content=\"2025-12-11T08:48:21+00:00\" \/>\n<meta property=\"article:modified_time\" content=\"2026-04-16T16:05:36+00:00\" \/>\n<meta property=\"og:image\" content=\"https:\/\/www.fondationpierrefabre.org\/wp-content\/uploads\/sites\/2\/2022\/09\/Offres-demploi.jpg\" \/>\n\t<meta property=\"og:image:width\" content=\"700\" \/>\n\t<meta property=\"og:image:height\" content=\"494\" \/>\n\t<meta property=\"og:image:type\" content=\"image\/jpeg\" \/>\n<meta name=\"author\" content=\"pbouchayer\" \/>\n<meta name=\"twitter:card\" content=\"summary_large_image\" \/>\n<meta name=\"twitter:creator\" content=\"@FondationPFabre\" \/>\n<meta name=\"twitter:site\" content=\"@FondationPFabre\" \/>\n<meta name=\"twitter:label1\" content=\"\u00c9crit par\" \/>\n\t<meta name=\"twitter:data1\" content=\"pbouchayer\" \/>\n\t<meta name=\"twitter:label2\" content=\"Dur\u00e9e de lecture estim\u00e9e\" \/>\n\t<meta name=\"twitter:data2\" content=\"8 minutes\" \/>\n<script type=\"application\/ld+json\" class=\"yoast-schema-graph\">{\"@context\":\"https:\\\/\\\/schema.org\",\"@graph\":[{\"@type\":\"Article\",\"@id\":\"https:\\\/\\\/www.fondationpierrefabre.org\\\/fr\\\/offres-demploi\\\/offre-demploi-gestionnaire-financier-projet\\\/#article\",\"isPartOf\":{\"@id\":\"https:\\\/\\\/www.fondationpierrefabre.org\\\/fr\\\/offres-demploi\\\/offre-demploi-gestionnaire-financier-projet\\\/\"},\"author\":{\"name\":\"pbouchayer\",\"@id\":\"https:\\\/\\\/www.fondationpierrefabre.org\\\/fr\\\/#\\\/schema\\\/person\\\/df1e5cd1b57fe93bcbe0f2966c947d31\"},\"headline\":\"Offre d\u2019emploi : Gestionnaire Financier Projet\",\"datePublished\":\"2025-12-11T08:48:21+00:00\",\"dateModified\":\"2026-04-16T16:05:36+00:00\",\"mainEntityOfPage\":{\"@id\":\"https:\\\/\\\/www.fondationpierrefabre.org\\\/fr\\\/offres-demploi\\\/offre-demploi-gestionnaire-financier-projet\\\/\"},\"wordCount\":2376,\"publisher\":{\"@id\":\"https:\\\/\\\/www.fondationpierrefabre.org\\\/fr\\\/#organization\"},\"image\":{\"@id\":\"https:\\\/\\\/www.fondationpierrefabre.org\\\/fr\\\/offres-demploi\\\/offre-demploi-gestionnaire-financier-projet\\\/#primaryimage\"},\"thumbnailUrl\":\"https:\\\/\\\/www.fondationpierrefabre.org\\\/wp-content\\\/uploads\\\/sites\\\/2\\\/2022\\\/09\\\/Offres-demploi.jpg\",\"keywords\":[\"France\"],\"articleSection\":[\"France\",\"Offres d'emploi\"],\"inLanguage\":\"fr-FR\"},{\"@type\":\"WebPage\",\"@id\":\"https:\\\/\\\/www.fondationpierrefabre.org\\\/fr\\\/offres-demploi\\\/offre-demploi-gestionnaire-financier-projet\\\/\",\"url\":\"https:\\\/\\\/www.fondationpierrefabre.org\\\/fr\\\/offres-demploi\\\/offre-demploi-gestionnaire-financier-projet\\\/\",\"name\":\"Offre d\u2019emploi : Gestionnaire Financier Projet - Fondation Pierre Fabre\",\"isPartOf\":{\"@id\":\"https:\\\/\\\/www.fondationpierrefabre.org\\\/fr\\\/#website\"},\"primaryImageOfPage\":{\"@id\":\"https:\\\/\\\/www.fondationpierrefabre.org\\\/fr\\\/offres-demploi\\\/offre-demploi-gestionnaire-financier-projet\\\/#primaryimage\"},\"image\":{\"@id\":\"https:\\\/\\\/www.fondationpierrefabre.org\\\/fr\\\/offres-demploi\\\/offre-demploi-gestionnaire-financier-projet\\\/#primaryimage\"},\"thumbnailUrl\":\"https:\\\/\\\/www.fondationpierrefabre.org\\\/wp-content\\\/uploads\\\/sites\\\/2\\\/2022\\\/09\\\/Offres-demploi.jpg\",\"datePublished\":\"2025-12-11T08:48:21+00:00\",\"dateModified\":\"2026-04-16T16:05:36+00:00\",\"description\":\"Dans un contexte de forte croissance de ses activit\u00e9s, la Fondation Pierre Fabre renforce son P\u00f4le Cofinancement et recherche un.e Gestionnaire Financier Projet charg\u00e9.e d\u2019assurer la gestion comptable et financi\u00e8re des projets cofinanc\u00e9s par des bailleurs institutionnels ou des projets en fonds propres.\",\"breadcrumb\":{\"@id\":\"https:\\\/\\\/www.fondationpierrefabre.org\\\/fr\\\/offres-demploi\\\/offre-demploi-gestionnaire-financier-projet\\\/#breadcrumb\"},\"inLanguage\":\"fr-FR\",\"potentialAction\":[{\"@type\":\"ReadAction\",\"target\":[\"https:\\\/\\\/www.fondationpierrefabre.org\\\/fr\\\/offres-demploi\\\/offre-demploi-gestionnaire-financier-projet\\\/\"]}]},{\"@type\":\"ImageObject\",\"inLanguage\":\"fr-FR\",\"@id\":\"https:\\\/\\\/www.fondationpierrefabre.org\\\/fr\\\/offres-demploi\\\/offre-demploi-gestionnaire-financier-projet\\\/#primaryimage\",\"url\":\"https:\\\/\\\/www.fondationpierrefabre.org\\\/wp-content\\\/uploads\\\/sites\\\/2\\\/2022\\\/09\\\/Offres-demploi.jpg\",\"contentUrl\":\"https:\\\/\\\/www.fondationpierrefabre.org\\\/wp-content\\\/uploads\\\/sites\\\/2\\\/2022\\\/09\\\/Offres-demploi.jpg\",\"width\":700,\"height\":494},{\"@type\":\"BreadcrumbList\",\"@id\":\"https:\\\/\\\/www.fondationpierrefabre.org\\\/fr\\\/offres-demploi\\\/offre-demploi-gestionnaire-financier-projet\\\/#breadcrumb\",\"itemListElement\":[{\"@type\":\"ListItem\",\"position\":1,\"name\":\"\",\"item\":\"https:\\\/\\\/www.fondationpierrefabre.org\\\/fr\\\/\"},{\"@type\":\"ListItem\",\"position\":2,\"name\":\"Offre d\u2019emploi : Gestionnaire Financier Projet\"}]},{\"@type\":\"WebSite\",\"@id\":\"https:\\\/\\\/www.fondationpierrefabre.org\\\/fr\\\/#website\",\"url\":\"https:\\\/\\\/www.fondationpierrefabre.org\\\/fr\\\/\",\"name\":\"Fondation Pierre Fabre\",\"description\":\"Acc\u00e8s aux soins de qualit\u00e9 pour tous\",\"publisher\":{\"@id\":\"https:\\\/\\\/www.fondationpierrefabre.org\\\/fr\\\/#organization\"},\"potentialAction\":[{\"@type\":\"SearchAction\",\"target\":{\"@type\":\"EntryPoint\",\"urlTemplate\":\"https:\\\/\\\/www.fondationpierrefabre.org\\\/fr\\\/?s={search_term_string}\"},\"query-input\":{\"@type\":\"PropertyValueSpecification\",\"valueRequired\":true,\"valueName\":\"search_term_string\"}}],\"inLanguage\":\"fr-FR\"},{\"@type\":\"Organization\",\"@id\":\"https:\\\/\\\/www.fondationpierrefabre.org\\\/fr\\\/#organization\",\"name\":\"Fondation Pierre Fabre\",\"alternateName\":\"FPF\",\"url\":\"https:\\\/\\\/www.fondationpierrefabre.org\\\/fr\\\/\",\"logo\":{\"@type\":\"ImageObject\",\"inLanguage\":\"fr-FR\",\"@id\":\"https:\\\/\\\/www.fondationpierrefabre.org\\\/fr\\\/#\\\/schema\\\/logo\\\/image\\\/\",\"url\":\"https:\\\/\\\/www.fondationpierrefabre.org\\\/wp-content\\\/uploads\\\/sites\\\/2\\\/2020\\\/03\\\/FPF_Logo500.png\",\"contentUrl\":\"https:\\\/\\\/www.fondationpierrefabre.org\\\/wp-content\\\/uploads\\\/sites\\\/2\\\/2020\\\/03\\\/FPF_Logo500.png\",\"width\":500,\"height\":155,\"caption\":\"Fondation Pierre Fabre\"},\"image\":{\"@id\":\"https:\\\/\\\/www.fondationpierrefabre.org\\\/fr\\\/#\\\/schema\\\/logo\\\/image\\\/\"},\"sameAs\":[\"https:\\\/\\\/www.facebook.com\\\/FondationPierreFabre\\\/\",\"https:\\\/\\\/x.com\\\/FondationPFabre\",\"https:\\\/\\\/www.linkedin.com\\\/company\\\/fondation_pierrefabre\\\/\",\"https:\\\/\\\/www.youtube.com\\\/channel\\\/UCSTB8YVIiEnbarvfFcQ-4UA\"]},{\"@type\":\"Person\",\"@id\":\"https:\\\/\\\/www.fondationpierrefabre.org\\\/fr\\\/#\\\/schema\\\/person\\\/df1e5cd1b57fe93bcbe0f2966c947d31\",\"name\":\"pbouchayer\",\"image\":{\"@type\":\"ImageObject\",\"inLanguage\":\"fr-FR\",\"@id\":\"https:\\\/\\\/secure.gravatar.com\\\/avatar\\\/1fb74fa2f89a56252ed0b647147168629eb7dc2a02d9e12454fd4a80e5c9ba5d?s=96&d=mm&r=g\",\"url\":\"https:\\\/\\\/secure.gravatar.com\\\/avatar\\\/1fb74fa2f89a56252ed0b647147168629eb7dc2a02d9e12454fd4a80e5c9ba5d?s=96&d=mm&r=g\",\"contentUrl\":\"https:\\\/\\\/secure.gravatar.com\\\/avatar\\\/1fb74fa2f89a56252ed0b647147168629eb7dc2a02d9e12454fd4a80e5c9ba5d?s=96&d=mm&r=g\",\"caption\":\"pbouchayer\"}}]}<\/script>\n<!-- \/ Yoast SEO plugin. -->","yoast_head_json":{"title":"Offre d\u2019emploi : Gestionnaire Financier Projet - Fondation Pierre Fabre","description":"Dans un contexte de forte croissance de ses activit\u00e9s, la Fondation Pierre Fabre renforce son P\u00f4le Cofinancement et recherche un.e Gestionnaire Financier Projet charg\u00e9.e d\u2019assurer la gestion comptable et financi\u00e8re des projets cofinanc\u00e9s par des bailleurs institutionnels ou des projets en fonds propres.","robots":{"index":"index","follow":"follow","max-snippet":"max-snippet:-1","max-image-preview":"max-image-preview:large","max-video-preview":"max-video-preview:-1"},"canonical":"https:\/\/www.fondationpierrefabre.org\/fr\/offres-demploi\/offre-demploi-gestionnaire-financier-projet\/","og_locale":"fr_FR","og_type":"article","og_title":"Offre d\u2019emploi : Gestionnaire Financier Projet - Fondation Pierre Fabre","og_description":"Dans un contexte de forte croissance de ses activit\u00e9s, la Fondation Pierre Fabre renforce son P\u00f4le Cofinancement et recherche un.e Gestionnaire Financier Projet charg\u00e9.e d\u2019assurer la gestion comptable et financi\u00e8re des projets cofinanc\u00e9s par des bailleurs institutionnels ou des projets en fonds propres.","og_url":"https:\/\/www.fondationpierrefabre.org\/fr\/offres-demploi\/offre-demploi-gestionnaire-financier-projet\/","og_site_name":"Fondation Pierre Fabre","article_publisher":"https:\/\/www.facebook.com\/FondationPierreFabre\/","article_published_time":"2025-12-11T08:48:21+00:00","article_modified_time":"2026-04-16T16:05:36+00:00","og_image":[{"width":700,"height":494,"url":"https:\/\/www.fondationpierrefabre.org\/wp-content\/uploads\/sites\/2\/2022\/09\/Offres-demploi.jpg","type":"image\/jpeg"}],"author":"pbouchayer","twitter_card":"summary_large_image","twitter_creator":"@FondationPFabre","twitter_site":"@FondationPFabre","twitter_misc":{"\u00c9crit par":"pbouchayer","Dur\u00e9e de lecture estim\u00e9e":"8 minutes"},"schema":{"@context":"https:\/\/schema.org","@graph":[{"@type":"Article","@id":"https:\/\/www.fondationpierrefabre.org\/fr\/offres-demploi\/offre-demploi-gestionnaire-financier-projet\/#article","isPartOf":{"@id":"https:\/\/www.fondationpierrefabre.org\/fr\/offres-demploi\/offre-demploi-gestionnaire-financier-projet\/"},"author":{"name":"pbouchayer","@id":"https:\/\/www.fondationpierrefabre.org\/fr\/#\/schema\/person\/df1e5cd1b57fe93bcbe0f2966c947d31"},"headline":"Offre d\u2019emploi : Gestionnaire Financier Projet","datePublished":"2025-12-11T08:48:21+00:00","dateModified":"2026-04-16T16:05:36+00:00","mainEntityOfPage":{"@id":"https:\/\/www.fondationpierrefabre.org\/fr\/offres-demploi\/offre-demploi-gestionnaire-financier-projet\/"},"wordCount":2376,"publisher":{"@id":"https:\/\/www.fondationpierrefabre.org\/fr\/#organization"},"image":{"@id":"https:\/\/www.fondationpierrefabre.org\/fr\/offres-demploi\/offre-demploi-gestionnaire-financier-projet\/#primaryimage"},"thumbnailUrl":"https:\/\/www.fondationpierrefabre.org\/wp-content\/uploads\/sites\/2\/2022\/09\/Offres-demploi.jpg","keywords":["France"],"articleSection":["France","Offres d'emploi"],"inLanguage":"fr-FR"},{"@type":"WebPage","@id":"https:\/\/www.fondationpierrefabre.org\/fr\/offres-demploi\/offre-demploi-gestionnaire-financier-projet\/","url":"https:\/\/www.fondationpierrefabre.org\/fr\/offres-demploi\/offre-demploi-gestionnaire-financier-projet\/","name":"Offre d\u2019emploi : Gestionnaire Financier Projet - Fondation Pierre Fabre","isPartOf":{"@id":"https:\/\/www.fondationpierrefabre.org\/fr\/#website"},"primaryImageOfPage":{"@id":"https:\/\/www.fondationpierrefabre.org\/fr\/offres-demploi\/offre-demploi-gestionnaire-financier-projet\/#primaryimage"},"image":{"@id":"https:\/\/www.fondationpierrefabre.org\/fr\/offres-demploi\/offre-demploi-gestionnaire-financier-projet\/#primaryimage"},"thumbnailUrl":"https:\/\/www.fondationpierrefabre.org\/wp-content\/uploads\/sites\/2\/2022\/09\/Offres-demploi.jpg","datePublished":"2025-12-11T08:48:21+00:00","dateModified":"2026-04-16T16:05:36+00:00","description":"Dans un contexte de forte croissance de ses activit\u00e9s, la Fondation Pierre Fabre renforce son P\u00f4le Cofinancement et recherche un.e Gestionnaire Financier Projet charg\u00e9.e d\u2019assurer la gestion comptable et financi\u00e8re des projets cofinanc\u00e9s par des bailleurs institutionnels ou des projets en fonds propres.","breadcrumb":{"@id":"https:\/\/www.fondationpierrefabre.org\/fr\/offres-demploi\/offre-demploi-gestionnaire-financier-projet\/#breadcrumb"},"inLanguage":"fr-FR","potentialAction":[{"@type":"ReadAction","target":["https:\/\/www.fondationpierrefabre.org\/fr\/offres-demploi\/offre-demploi-gestionnaire-financier-projet\/"]}]},{"@type":"ImageObject","inLanguage":"fr-FR","@id":"https:\/\/www.fondationpierrefabre.org\/fr\/offres-demploi\/offre-demploi-gestionnaire-financier-projet\/#primaryimage","url":"https:\/\/www.fondationpierrefabre.org\/wp-content\/uploads\/sites\/2\/2022\/09\/Offres-demploi.jpg","contentUrl":"https:\/\/www.fondationpierrefabre.org\/wp-content\/uploads\/sites\/2\/2022\/09\/Offres-demploi.jpg","width":700,"height":494},{"@type":"BreadcrumbList","@id":"https:\/\/www.fondationpierrefabre.org\/fr\/offres-demploi\/offre-demploi-gestionnaire-financier-projet\/#breadcrumb","itemListElement":[{"@type":"ListItem","position":1,"name":"","item":"https:\/\/www.fondationpierrefabre.org\/fr\/"},{"@type":"ListItem","position":2,"name":"Offre d\u2019emploi : Gestionnaire Financier Projet"}]},{"@type":"WebSite","@id":"https:\/\/www.fondationpierrefabre.org\/fr\/#website","url":"https:\/\/www.fondationpierrefabre.org\/fr\/","name":"Fondation Pierre Fabre","description":"Acc\u00e8s aux soins de qualit\u00e9 pour tous","publisher":{"@id":"https:\/\/www.fondationpierrefabre.org\/fr\/#organization"},"potentialAction":[{"@type":"SearchAction","target":{"@type":"EntryPoint","urlTemplate":"https:\/\/www.fondationpierrefabre.org\/fr\/?s={search_term_string}"},"query-input":{"@type":"PropertyValueSpecification","valueRequired":true,"valueName":"search_term_string"}}],"inLanguage":"fr-FR"},{"@type":"Organization","@id":"https:\/\/www.fondationpierrefabre.org\/fr\/#organization","name":"Fondation Pierre Fabre","alternateName":"FPF","url":"https:\/\/www.fondationpierrefabre.org\/fr\/","logo":{"@type":"ImageObject","inLanguage":"fr-FR","@id":"https:\/\/www.fondationpierrefabre.org\/fr\/#\/schema\/logo\/image\/","url":"https:\/\/www.fondationpierrefabre.org\/wp-content\/uploads\/sites\/2\/2020\/03\/FPF_Logo500.png","contentUrl":"https:\/\/www.fondationpierrefabre.org\/wp-content\/uploads\/sites\/2\/2020\/03\/FPF_Logo500.png","width":500,"height":155,"caption":"Fondation Pierre Fabre"},"image":{"@id":"https:\/\/www.fondationpierrefabre.org\/fr\/#\/schema\/logo\/image\/"},"sameAs":["https:\/\/www.facebook.com\/FondationPierreFabre\/","https:\/\/x.com\/FondationPFabre","https:\/\/www.linkedin.com\/company\/fondation_pierrefabre\/","https:\/\/www.youtube.com\/channel\/UCSTB8YVIiEnbarvfFcQ-4UA"]},{"@type":"Person","@id":"https:\/\/www.fondationpierrefabre.org\/fr\/#\/schema\/person\/df1e5cd1b57fe93bcbe0f2966c947d31","name":"pbouchayer","image":{"@type":"ImageObject","inLanguage":"fr-FR","@id":"https:\/\/secure.gravatar.com\/avatar\/1fb74fa2f89a56252ed0b647147168629eb7dc2a02d9e12454fd4a80e5c9ba5d?s=96&d=mm&r=g","url":"https:\/\/secure.gravatar.com\/avatar\/1fb74fa2f89a56252ed0b647147168629eb7dc2a02d9e12454fd4a80e5c9ba5d?s=96&d=mm&r=g","contentUrl":"https:\/\/secure.gravatar.com\/avatar\/1fb74fa2f89a56252ed0b647147168629eb7dc2a02d9e12454fd4a80e5c9ba5d?s=96&d=mm&r=g","caption":"pbouchayer"}}]}},"_links":{"self":[{"href":"https:\/\/www.fondationpierrefabre.org\/fr\/wp-json\/wp\/v2\/posts\/19328","targetHints":{"allow":["GET"]}}],"collection":[{"href":"https:\/\/www.fondationpierrefabre.org\/fr\/wp-json\/wp\/v2\/posts"}],"about":[{"href":"https:\/\/www.fondationpierrefabre.org\/fr\/wp-json\/wp\/v2\/types\/post"}],"author":[{"embeddable":true,"href":"https:\/\/www.fondationpierrefabre.org\/fr\/wp-json\/wp\/v2\/users\/2"}],"replies":[{"embeddable":true,"href":"https:\/\/www.fondationpierrefabre.org\/fr\/wp-json\/wp\/v2\/comments?post=19328"}],"version-history":[{"count":4,"href":"https:\/\/www.fondationpierrefabre.org\/fr\/wp-json\/wp\/v2\/posts\/19328\/revisions"}],"predecessor-version":[{"id":19808,"href":"https:\/\/www.fondationpierrefabre.org\/fr\/wp-json\/wp\/v2\/posts\/19328\/revisions\/19808"}],"wp:featuredmedia":[{"embeddable":true,"href":"https:\/\/www.fondationpierrefabre.org\/fr\/wp-json\/wp\/v2\/media\/12331"}],"wp:attachment":[{"href":"https:\/\/www.fondationpierrefabre.org\/fr\/wp-json\/wp\/v2\/media?parent=19328"}],"wp:term":[{"taxonomy":"category","embeddable":true,"href":"https:\/\/www.fondationpierrefabre.org\/fr\/wp-json\/wp\/v2\/categories?post=19328"},{"taxonomy":"post_tag","embeddable":true,"href":"https:\/\/www.fondationpierrefabre.org\/fr\/wp-json\/wp\/v2\/tags?post=19328"}],"curies":[{"name":"wp","href":"https:\/\/api.w.org\/{rel}","templated":true}]}}