{"id":14655,"date":"2023-10-27T17:13:56","date_gmt":"2023-10-27T15:13:56","guid":{"rendered":"https:\/\/www.fondationpierrefabre.org\/?p=14655"},"modified":"2025-05-26T15:52:34","modified_gmt":"2025-05-26T13:52:34","slug":"la-fondation-pierre-fabre-forme-les-futurs-leaders-de-la-sante","status":"publish","type":"post","link":"https:\/\/www.fondationpierrefabre.org\/fr\/temoignages\/la-fondation-pierre-fabre-forme-les-futurs-leaders-de-la-sante\/","title":{"rendered":"La Fondation Pierre Fabre forme les futurs leaders de la sant\u00e9"},"content":{"rendered":"<p><div class=\"fusion-fullwidth fullwidth-box fusion-builder-row-1 nonhundred-percent-fullwidth non-hundred-percent-height-scrolling\" style=\"--awb-border-radius-top-left:0px;--awb-border-radius-top-right:0px;--awb-border-radius-bottom-right:0px;--awb-border-radius-bottom-left:0px;--awb-margin-bottom:30px;--awb-background-color:#f2f2f2;--awb-flex-wrap:wrap;\" ><div class=\"fusion-builder-row fusion-row\"><div class=\"fusion-layout-column fusion_builder_column fusion-builder-column-0 fusion_builder_column_1_1 1_1 fusion-one-full fusion-column-first fusion-column-last\" style=\"--awb-bg-size:cover;\"><div class=\"fusion-column-wrapper fusion-flex-column-wrapper-legacy\"><div class=\"fusion-text fusion-text-1\"><h1 style=\"text-align: center;\">La Fondation Pierre Fabre forme les futurs leaders de la sant\u00e9<\/h1>\n<\/div><div class=\"fusion-clearfix\"><\/div><\/div><\/div><\/div><\/div><div class=\"fusion-fullwidth fullwidth-box fusion-builder-row-2 nonhundred-percent-fullwidth non-hundred-percent-height-scrolling\" style=\"--awb-border-radius-top-left:0px;--awb-border-radius-top-right:0px;--awb-border-radius-bottom-right:0px;--awb-border-radius-bottom-left:0px;--awb-flex-wrap:wrap;\" ><div class=\"fusion-builder-row fusion-row\"><div class=\"fusion-layout-column fusion_builder_column fusion-builder-column-1 fusion_builder_column_1_1 1_1 fusion-one-full fusion-column-first fusion-column-last\" style=\"--awb-bg-size:cover;\"><div class=\"fusion-column-wrapper fusion-flex-column-wrapper-legacy\"><div class=\"fusion-text fusion-text-2\"><p><strong>20\/10\/2023<\/strong><\/p>\n<p><strong>Disposer de professionnels de sant\u00e9 form\u00e9s au meilleur niveau est indispensable au bon fonctionnement des syst\u00e8mes de sant\u00e9 des pays \u00e0 ressources faibles et limit\u00e9es.<br \/>\n<\/strong><strong>Depuis son origine la Fondation Pierre Fabre a financ\u00e9 la formation de plus de 200 \u00e9tudiantes et \u00e9tudiants d\u2019Afrique et d\u2019Asie<\/strong><\/p>\n<p><strong><br \/>\n<\/strong><strong>D\u00e9couvrez dans cette s\u00e9rie, les portraits de celles et ceux que nous avons accompagn\u00e9s dans leur formation :<\/strong><\/p>\n<\/div><div class=\"fusion-sep-clear\"><\/div><div class=\"fusion-separator fusion-full-width-sep\" style=\"margin-left: auto;margin-right: auto;margin-top:8px;margin-bottom:7px;width:100%;\"><\/div><div class=\"fusion-sep-clear\"><\/div><div class=\"fusion-clearfix\"><\/div><\/div><\/div><div class=\"fusion-layout-column fusion_builder_column fusion-builder-column-2 fusion_builder_column_1_3 1_3 fusion-one-third fusion-column-first\" style=\"--awb-bg-size:cover;width:33.333333333333%;width:calc(33.333333333333% - ( ( 4% + 4% ) * 0.33333333333333 ) );margin-right: 4%;\"><div class=\"fusion-column-wrapper fusion-column-has-shadow fusion-flex-column-wrapper-legacy\"><div class=\"fusion-video fusion-youtube fusion-aligncenter\" style=\"--awb-max-width:600px;--awb-max-height:360px;--awb-width:100%;\"><div class=\"video-shortcode\"><div class=\"fluid-width-video-wrapper\" style=\"padding-top:60%;\" ><iframe title=\"YouTube video player 1\" src=\"https:\/\/www.youtube.com\/embed\/D6GO73Q-tvU?wmode=transparent&autoplay=0&amp;showinfo=0\" width=\"600\" height=\"360\" allowfullscreen allow=\"autoplay; clipboard-write; encrypted-media; gyroscope; picture-in-picture;\"><\/iframe><\/div><\/div><\/div><div class=\"fusion-sep-clear\"><\/div><div class=\"fusion-separator fusion-full-width-sep\" style=\"margin-left: auto;margin-right: auto;margin-top:5px;margin-bottom:5px;width:100%;\"><\/div><div class=\"fusion-sep-clear\"><\/div><div class=\"fusion-text fusion-text-3\"><p style=\"text-align: left;\"><span style=\"font-size: 10pt;\"><strong>1er \u00e9pisode<br \/>\n<\/strong>Dans ce 1er \u00e9pisode, d\u00e9couvrez le parcours de Yannick Mukendi Nkesu, m\u00e9decin g\u00e9n\u00e9raliste en RDC. Depuis 2019 il b\u00e9n\u00e9ficie d&rsquo;une bourse de la Fondation pour suivre ses 4 ann\u00e9es de formation en dermatologie.<br \/>\n<\/span><span style=\"font-size: 10pt;\">Il nous explique comment il a pu se former pour faire face aux besoins de son pays.<\/span><\/p>\n<\/div><div class=\"fusion-clearfix\"><\/div><\/div><\/div><div class=\"fusion-layout-column fusion_builder_column fusion-builder-column-3 fusion_builder_column_1_3 1_3 fusion-one-third\" style=\"--awb-bg-size:cover;width:33.333333333333%;width:calc(33.333333333333% - ( ( 4% + 4% ) * 0.33333333333333 ) );margin-right: 4%;\"><div class=\"fusion-column-wrapper fusion-column-has-shadow fusion-flex-column-wrapper-legacy\"><div class=\"fusion-video fusion-youtube fusion-aligncenter\" style=\"--awb-max-width:600px;--awb-max-height:360px;--awb-width:100%;\"><div class=\"video-shortcode\"><div class=\"fluid-width-video-wrapper\" style=\"padding-top:60%;\" ><iframe title=\"YouTube video player 2\" src=\"https:\/\/www.youtube.com\/embed\/d9EZc6auS6A?wmode=transparent&autoplay=0&amp;showinfo=0\" width=\"600\" height=\"360\" allowfullscreen allow=\"autoplay; clipboard-write; encrypted-media; gyroscope; picture-in-picture;\"><\/iframe><\/div><\/div><\/div><div class=\"fusion-sep-clear\"><\/div><div class=\"fusion-separator fusion-full-width-sep\" style=\"margin-left: auto;margin-right: auto;margin-top:5px;margin-bottom:5px;width:100%;\"><\/div><div class=\"fusion-sep-clear\"><\/div><div class=\"fusion-text fusion-text-4\"><p style=\"text-align: left;\"><span style=\"font-size: 10pt;\"><strong>2\u00e8me \u00e9pisode<br \/>\n<\/strong>Dans ce 2\u00e8me \u00e9pisode de nos portraits de boursiers, d\u00e9couvrez le parcours du Docteur Moussa Savan\u00e9. Guin\u00e9en, le Dr Savane suit 4 ann\u00e9es de formation en dermatologie, au Mali au sein de l&rsquo;h\u00f4pital de dermatologie de Bamako et en France \u00e0 l&rsquo;h\u00f4pital Saint Louis AP-HP, Assistance Publique &#8211; H\u00f4pitaux de Paris, gr\u00e2ce \u00e0 une bourse de la Fondation Pierre Fabre. Son projet est de pouvoir mettre en place la t\u00e9l\u00e9-expertise en dermatologie en Guin\u00e9e afin de r\u00e9pondre aux besoins de prise en charge.<\/span><\/p>\n<\/div><div class=\"fusion-clearfix\"><\/div><\/div><\/div><div class=\"fusion-layout-column fusion_builder_column fusion-builder-column-4 fusion_builder_column_1_3 1_3 fusion-one-third fusion-column-last\" style=\"--awb-bg-size:cover;width:33.333333333333%;width:calc(33.333333333333% - ( ( 4% + 4% ) * 0.33333333333333 ) );\"><div class=\"fusion-column-wrapper fusion-column-has-shadow fusion-flex-column-wrapper-legacy\"><div class=\"fusion-video fusion-youtube fusion-aligncenter\" style=\"--awb-max-width:600px;--awb-max-height:360px;--awb-width:100%;\"><div class=\"video-shortcode\"><div class=\"fluid-width-video-wrapper\" style=\"padding-top:60%;\" ><iframe title=\"YouTube video player 3\" src=\"https:\/\/www.youtube.com\/embed\/3GKw49MQQOM?wmode=transparent&autoplay=0&amp;showinfo=0\" width=\"600\" height=\"360\" allowfullscreen allow=\"autoplay; clipboard-write; encrypted-media; gyroscope; picture-in-picture;\"><\/iframe><\/div><\/div><\/div><div class=\"fusion-sep-clear\"><\/div><div class=\"fusion-separator fusion-full-width-sep\" style=\"margin-left: auto;margin-right: auto;margin-top:5px;margin-bottom:5px;width:100%;\"><\/div><div class=\"fusion-sep-clear\"><\/div><div class=\"fusion-text fusion-text-5\"><p style=\"text-align: left;\"><span style=\"font-size: 10pt;\"><strong>3\u00e8me \u00e9pisode<br \/>\n<\/strong>En 2020, le Dr Guingan\u00e9, h\u00e9pato gastro-ent\u00e9rologue au CHU Bogodo au Burkina Faso a b\u00e9n\u00e9fici\u00e9 d\u2019une bourse de la Fondation Pierre Fabre pour poursuivre ses travaux de recherche en post-doctorat \u00e0 Montpellier et am\u00e9liorer la sant\u00e9 des habitants du Burkina Faso.<br \/>\n\u00ab Gr\u00e2ce \u00e0 cette bourse j\u2019ai pu notamment publier les r\u00e9sultats de ces recherches. Des financements comme ceux-ci aident des jeunes \u00e0 atteindre leurs objectifs. \u00bb<br \/>\n<\/span><\/p>\n<\/div><div class=\"fusion-clearfix\"><\/div><\/div><\/div><div class=\"fusion-layout-column fusion_builder_column fusion-builder-column-5 fusion_builder_column_1_3 1_3 fusion-one-third fusion-column-first\" style=\"--awb-bg-size:cover;width:33.333333333333%;width:calc(33.333333333333% - ( ( 4% ) * 0.33333333333333 ) );margin-right: 4%;\"><div class=\"fusion-column-wrapper fusion-column-has-shadow fusion-flex-column-wrapper-legacy\"><div class=\"fusion-video fusion-youtube fusion-aligncenter\" style=\"--awb-max-width:600px;--awb-max-height:360px;--awb-width:100%;\"><div class=\"video-shortcode\"><div class=\"fluid-width-video-wrapper\" style=\"padding-top:60%;\" ><iframe title=\"YouTube video player 4\" src=\"https:\/\/www.youtube.com\/embed\/gv5OVpiSme8?wmode=transparent&autoplay=0&amp;showinfo=0\" width=\"600\" height=\"360\" allowfullscreen allow=\"autoplay; clipboard-write; encrypted-media; gyroscope; picture-in-picture;\"><\/iframe><\/div><\/div><\/div><div class=\"fusion-sep-clear\"><\/div><div class=\"fusion-separator fusion-full-width-sep\" style=\"margin-left: auto;margin-right: auto;margin-top:5px;margin-bottom:5px;width:100%;\"><\/div><div class=\"fusion-sep-clear\"><\/div><div class=\"fusion-text fusion-text-6\"><p style=\"text-align: left;\"><span style=\"font-size: 10pt;\"><strong>4\u00e8me \u00e9pisode<br \/>\n<\/strong>Dans ce quatri\u00e8me \u00e9pisode, plongez dans le parcours inspirant de Noudy SENGXEU, Docteure en pharmacie et enseignante en chimie analytique \u00e0 la Facult\u00e9 de pharmacie de l\u2019universit\u00e9 des sciences de la sant\u00e9 du Laos. Gr\u00e2ce \u00e0 la bourse de la Fondation, Noudy Sengxeu a eu l&rsquo;opportunit\u00e9 d&rsquo;effectuer un stage en France \u00e0 l\u2019ANSM Agence nationale de s\u00e9curit\u00e9 du m\u00e9dicament et des produits de sant\u00e9.<br \/>\n<\/span><\/p>\n<\/div><div class=\"fusion-clearfix\"><\/div><\/div><\/div><div class=\"fusion-layout-column fusion_builder_column fusion-builder-column-6 fusion_builder_column_1_3 1_3 fusion-one-third fusion-column-last\" style=\"--awb-bg-size:cover;width:33.333333333333%;width:calc(33.333333333333% - ( ( 4% ) * 0.33333333333333 ) );\"><div class=\"fusion-column-wrapper fusion-column-has-shadow fusion-flex-column-wrapper-legacy\"><div class=\"fusion-video fusion-youtube fusion-aligncenter\" style=\"--awb-max-width:600px;--awb-max-height:360px;--awb-width:100%;\"><div class=\"video-shortcode\"><div class=\"fluid-width-video-wrapper\" style=\"padding-top:60%;\" ><iframe title=\"YouTube video player 5\" src=\"https:\/\/www.youtube.com\/embed\/KBAGtIuJ1xQ?wmode=transparent&autoplay=0&amp;showinfo=0\" width=\"600\" height=\"360\" allowfullscreen allow=\"autoplay; clipboard-write; encrypted-media; gyroscope; picture-in-picture;\"><\/iframe><\/div><\/div><\/div><div class=\"fusion-sep-clear\"><\/div><div class=\"fusion-separator fusion-full-width-sep\" style=\"margin-left: auto;margin-right: auto;margin-top:5px;margin-bottom:5px;width:100%;\"><\/div><div class=\"fusion-sep-clear\"><\/div><div class=\"fusion-text fusion-text-7\"><p style=\"text-align: left;\"><span style=\"font-size: 10pt;\"><strong>5\u00e8me \u00e9pisode<br \/>\n<\/strong>Dans ce 5\u00e8me et dernier \u00e9pisode, Sandra Vidjro, Pharmacienne en affaire r\u00e9glementaire, nous raconte son parcours. Elle est devenue la premi\u00e8re femme doctorante en droit et d\u00e9ontologie, et r\u00e9glementation pharmaceutique au Togo, gr\u00e2ce \u00e0 une bourse de la Fondation Pierre Fabre. Ses objectifs professionnels ? \u00ab De pouvoir permettre au Togo, qui est un petit pays d&rsquo;Afrique de l&rsquo;Ouest, de devenir quand un mod\u00e8le en ce qui concerne la r\u00e8glementation pharmaceutique. \u00bb D\u00e9couvrez son parcours.<br \/>\n<\/span><\/p>\n<\/div><div class=\"fusion-clearfix\"><\/div><\/div><\/div><\/div><\/div><\/p>\n","protected":false},"excerpt":{"rendered":"<p>Depuis son origine la Fondation Pierre Fabre a financ\u00e9 la formation de plus de 200 \u00e9tudiantes et \u00e9tudiants d\u2019Afrique et d\u2019Asie.<br \/>\nD\u00e9couvrez dans cette s\u00e9rie, les portraits de celles et ceux que nous avons accompagn\u00e9s dans leur formation.<\/p>\n","protected":false},"author":13,"featured_media":14779,"comment_status":"closed","ping_status":"closed","sticky":false,"template":"","format":"video","meta":{"_acf_changed":false,"footnotes":""},"categories":[10,386,19,122],"tags":[145],"class_list":["post-14655","post","type-post","status-publish","format-video","has-post-thumbnail","hentry","category-formation-des-professionnels-du-medicament-axes","category-rdc","category-suivre-notre-action","category-temoignages","tag-rdc","post_format-post-format-video"],"acf":[],"yoast_head":"<!-- This site is optimized with the Yoast SEO plugin v27.4 - https:\/\/yoast.com\/product\/yoast-seo-wordpress\/ -->\n<title>La Fondation Pierre Fabre forme les futurs leaders de la sant\u00e9 - Fondation Pierre Fabre<\/title>\n<meta name=\"description\" content=\"Depuis son origine la Fondation Pierre Fabre a financ\u00e9 la formation de plus de 200 \u00e9tudiantes et \u00e9tudiants d\u2019Afrique et d\u2019Asie. D\u00e9couvrez dans cette s\u00e9rie, les portraits de celles et ceux que nous avons accompagn\u00e9s dans leur formation.\" \/>\n<meta name=\"robots\" content=\"index, follow, max-snippet:-1, max-image-preview:large, max-video-preview:-1\" \/>\n<link rel=\"canonical\" href=\"https:\/\/www.fondationpierrefabre.org\/fr\/temoignages\/la-fondation-pierre-fabre-forme-les-futurs-leaders-de-la-sante\/\" \/>\n<meta property=\"og:locale\" content=\"fr_FR\" \/>\n<meta property=\"og:type\" content=\"article\" \/>\n<meta property=\"og:title\" content=\"La Fondation Pierre Fabre forme les futurs leaders de la sant\u00e9 - Fondation Pierre Fabre\" \/>\n<meta property=\"og:description\" content=\"Depuis son origine la Fondation Pierre Fabre a financ\u00e9 la formation de plus de 200 \u00e9tudiantes et \u00e9tudiants d\u2019Afrique et d\u2019Asie. D\u00e9couvrez dans cette s\u00e9rie, les portraits de celles et ceux que nous avons accompagn\u00e9s dans leur formation.\" \/>\n<meta property=\"og:url\" content=\"https:\/\/www.fondationpierrefabre.org\/fr\/temoignages\/la-fondation-pierre-fabre-forme-les-futurs-leaders-de-la-sante\/\" \/>\n<meta property=\"og:site_name\" content=\"Fondation Pierre Fabre\" \/>\n<meta property=\"article:publisher\" content=\"https:\/\/www.facebook.com\/FondationPierreFabre\/\" \/>\n<meta property=\"article:published_time\" content=\"2023-10-27T15:13:56+00:00\" \/>\n<meta property=\"article:modified_time\" content=\"2025-05-26T13:52:34+00:00\" \/>\n<meta property=\"og:image\" content=\"https:\/\/www.fondationpierrefabre.org\/wp-content\/uploads\/sites\/2\/2023\/10\/Portraits-de-boursiers.jpg\" \/>\n\t<meta property=\"og:image:width\" content=\"1200\" \/>\n\t<meta property=\"og:image:height\" content=\"800\" \/>\n\t<meta property=\"og:image:type\" content=\"image\/jpeg\" \/>\n<meta name=\"twitter:card\" content=\"summary_large_image\" \/>\n<meta name=\"twitter:creator\" content=\"@FondationPFabre\" \/>\n<meta name=\"twitter:site\" content=\"@FondationPFabre\" \/>\n<meta name=\"twitter:label1\" content=\"\u00c9crit par\" \/>\n\t<meta name=\"twitter:data1\" content=\"\" \/>\n\t<meta name=\"twitter:label2\" content=\"Dur\u00e9e de lecture estim\u00e9e\" \/>\n\t<meta name=\"twitter:data2\" content=\"10 minutes\" \/>\n<script type=\"application\/ld+json\" class=\"yoast-schema-graph\">{\"@context\":\"https:\\\/\\\/schema.org\",\"@graph\":[{\"@type\":\"Article\",\"@id\":\"https:\\\/\\\/www.fondationpierrefabre.org\\\/fr\\\/temoignages\\\/la-fondation-pierre-fabre-forme-les-futurs-leaders-de-la-sante\\\/#article\",\"isPartOf\":{\"@id\":\"https:\\\/\\\/www.fondationpierrefabre.org\\\/fr\\\/temoignages\\\/la-fondation-pierre-fabre-forme-les-futurs-leaders-de-la-sante\\\/\"},\"author\":{\"name\":\"\",\"@id\":\"\"},\"headline\":\"La Fondation Pierre Fabre forme les futurs leaders de la sant\u00e9\",\"datePublished\":\"2023-10-27T15:13:56+00:00\",\"dateModified\":\"2025-05-26T13:52:34+00:00\",\"mainEntityOfPage\":{\"@id\":\"https:\\\/\\\/www.fondationpierrefabre.org\\\/fr\\\/temoignages\\\/la-fondation-pierre-fabre-forme-les-futurs-leaders-de-la-sante\\\/\"},\"wordCount\":4007,\"publisher\":{\"@id\":\"https:\\\/\\\/www.fondationpierrefabre.org\\\/fr\\\/#organization\"},\"image\":{\"@id\":\"https:\\\/\\\/www.fondationpierrefabre.org\\\/fr\\\/temoignages\\\/la-fondation-pierre-fabre-forme-les-futurs-leaders-de-la-sante\\\/#primaryimage\"},\"thumbnailUrl\":\"https:\\\/\\\/www.fondationpierrefabre.org\\\/wp-content\\\/uploads\\\/sites\\\/2\\\/2023\\\/10\\\/Portraits-de-boursiers.jpg\",\"keywords\":[\"RDC\"],\"articleSection\":[\"Formation des professionnels du m\u00e9dicament\",\"RDC\",\"SUIVRE NOTRE ACTION\",\"TEMOIGNAGES\"],\"inLanguage\":\"fr-FR\"},{\"@type\":\"WebPage\",\"@id\":\"https:\\\/\\\/www.fondationpierrefabre.org\\\/fr\\\/temoignages\\\/la-fondation-pierre-fabre-forme-les-futurs-leaders-de-la-sante\\\/\",\"url\":\"https:\\\/\\\/www.fondationpierrefabre.org\\\/fr\\\/temoignages\\\/la-fondation-pierre-fabre-forme-les-futurs-leaders-de-la-sante\\\/\",\"name\":\"La Fondation Pierre Fabre forme les futurs leaders de la sant\u00e9 - Fondation Pierre Fabre\",\"isPartOf\":{\"@id\":\"https:\\\/\\\/www.fondationpierrefabre.org\\\/fr\\\/#website\"},\"primaryImageOfPage\":{\"@id\":\"https:\\\/\\\/www.fondationpierrefabre.org\\\/fr\\\/temoignages\\\/la-fondation-pierre-fabre-forme-les-futurs-leaders-de-la-sante\\\/#primaryimage\"},\"image\":{\"@id\":\"https:\\\/\\\/www.fondationpierrefabre.org\\\/fr\\\/temoignages\\\/la-fondation-pierre-fabre-forme-les-futurs-leaders-de-la-sante\\\/#primaryimage\"},\"thumbnailUrl\":\"https:\\\/\\\/www.fondationpierrefabre.org\\\/wp-content\\\/uploads\\\/sites\\\/2\\\/2023\\\/10\\\/Portraits-de-boursiers.jpg\",\"datePublished\":\"2023-10-27T15:13:56+00:00\",\"dateModified\":\"2025-05-26T13:52:34+00:00\",\"description\":\"Depuis son origine la Fondation Pierre Fabre a financ\u00e9 la formation de plus de 200 \u00e9tudiantes et \u00e9tudiants d\u2019Afrique et d\u2019Asie. D\u00e9couvrez dans cette s\u00e9rie, les portraits de celles et ceux que nous avons accompagn\u00e9s dans leur formation.\",\"breadcrumb\":{\"@id\":\"https:\\\/\\\/www.fondationpierrefabre.org\\\/fr\\\/temoignages\\\/la-fondation-pierre-fabre-forme-les-futurs-leaders-de-la-sante\\\/#breadcrumb\"},\"inLanguage\":\"fr-FR\",\"potentialAction\":[{\"@type\":\"ReadAction\",\"target\":[\"https:\\\/\\\/www.fondationpierrefabre.org\\\/fr\\\/temoignages\\\/la-fondation-pierre-fabre-forme-les-futurs-leaders-de-la-sante\\\/\"]}]},{\"@type\":\"ImageObject\",\"inLanguage\":\"fr-FR\",\"@id\":\"https:\\\/\\\/www.fondationpierrefabre.org\\\/fr\\\/temoignages\\\/la-fondation-pierre-fabre-forme-les-futurs-leaders-de-la-sante\\\/#primaryimage\",\"url\":\"https:\\\/\\\/www.fondationpierrefabre.org\\\/wp-content\\\/uploads\\\/sites\\\/2\\\/2023\\\/10\\\/Portraits-de-boursiers.jpg\",\"contentUrl\":\"https:\\\/\\\/www.fondationpierrefabre.org\\\/wp-content\\\/uploads\\\/sites\\\/2\\\/2023\\\/10\\\/Portraits-de-boursiers.jpg\",\"width\":1200,\"height\":800},{\"@type\":\"BreadcrumbList\",\"@id\":\"https:\\\/\\\/www.fondationpierrefabre.org\\\/fr\\\/temoignages\\\/la-fondation-pierre-fabre-forme-les-futurs-leaders-de-la-sante\\\/#breadcrumb\",\"itemListElement\":[{\"@type\":\"ListItem\",\"position\":1,\"name\":\"\",\"item\":\"https:\\\/\\\/www.fondationpierrefabre.org\\\/fr\\\/\"},{\"@type\":\"ListItem\",\"position\":2,\"name\":\"La Fondation Pierre Fabre forme les futurs leaders de la sant\u00e9\"}]},{\"@type\":\"WebSite\",\"@id\":\"https:\\\/\\\/www.fondationpierrefabre.org\\\/fr\\\/#website\",\"url\":\"https:\\\/\\\/www.fondationpierrefabre.org\\\/fr\\\/\",\"name\":\"Fondation Pierre Fabre\",\"description\":\"Acc\u00e8s aux soins de qualit\u00e9 pour tous\",\"publisher\":{\"@id\":\"https:\\\/\\\/www.fondationpierrefabre.org\\\/fr\\\/#organization\"},\"potentialAction\":[{\"@type\":\"SearchAction\",\"target\":{\"@type\":\"EntryPoint\",\"urlTemplate\":\"https:\\\/\\\/www.fondationpierrefabre.org\\\/fr\\\/?s={search_term_string}\"},\"query-input\":{\"@type\":\"PropertyValueSpecification\",\"valueRequired\":true,\"valueName\":\"search_term_string\"}}],\"inLanguage\":\"fr-FR\"},{\"@type\":\"Organization\",\"@id\":\"https:\\\/\\\/www.fondationpierrefabre.org\\\/fr\\\/#organization\",\"name\":\"Fondation Pierre Fabre\",\"alternateName\":\"FPF\",\"url\":\"https:\\\/\\\/www.fondationpierrefabre.org\\\/fr\\\/\",\"logo\":{\"@type\":\"ImageObject\",\"inLanguage\":\"fr-FR\",\"@id\":\"https:\\\/\\\/www.fondationpierrefabre.org\\\/fr\\\/#\\\/schema\\\/logo\\\/image\\\/\",\"url\":\"https:\\\/\\\/www.fondationpierrefabre.org\\\/wp-content\\\/uploads\\\/sites\\\/2\\\/2020\\\/03\\\/FPF_Logo500.png\",\"contentUrl\":\"https:\\\/\\\/www.fondationpierrefabre.org\\\/wp-content\\\/uploads\\\/sites\\\/2\\\/2020\\\/03\\\/FPF_Logo500.png\",\"width\":500,\"height\":155,\"caption\":\"Fondation Pierre Fabre\"},\"image\":{\"@id\":\"https:\\\/\\\/www.fondationpierrefabre.org\\\/fr\\\/#\\\/schema\\\/logo\\\/image\\\/\"},\"sameAs\":[\"https:\\\/\\\/www.facebook.com\\\/FondationPierreFabre\\\/\",\"https:\\\/\\\/x.com\\\/FondationPFabre\",\"https:\\\/\\\/www.linkedin.com\\\/company\\\/fondation_pierrefabre\\\/\",\"https:\\\/\\\/www.youtube.com\\\/channel\\\/UCSTB8YVIiEnbarvfFcQ-4UA\"]},{\"@type\":\"Person\",\"@id\":\"\"}]}<\/script>\n<!-- \/ Yoast SEO plugin. -->","yoast_head_json":{"title":"La Fondation Pierre Fabre forme les futurs leaders de la sant\u00e9 - Fondation Pierre Fabre","description":"Depuis son origine la Fondation Pierre Fabre a financ\u00e9 la formation de plus de 200 \u00e9tudiantes et \u00e9tudiants d\u2019Afrique et d\u2019Asie. D\u00e9couvrez dans cette s\u00e9rie, les portraits de celles et ceux que nous avons accompagn\u00e9s dans leur formation.","robots":{"index":"index","follow":"follow","max-snippet":"max-snippet:-1","max-image-preview":"max-image-preview:large","max-video-preview":"max-video-preview:-1"},"canonical":"https:\/\/www.fondationpierrefabre.org\/fr\/temoignages\/la-fondation-pierre-fabre-forme-les-futurs-leaders-de-la-sante\/","og_locale":"fr_FR","og_type":"article","og_title":"La Fondation Pierre Fabre forme les futurs leaders de la sant\u00e9 - Fondation Pierre Fabre","og_description":"Depuis son origine la Fondation Pierre Fabre a financ\u00e9 la formation de plus de 200 \u00e9tudiantes et \u00e9tudiants d\u2019Afrique et d\u2019Asie. D\u00e9couvrez dans cette s\u00e9rie, les portraits de celles et ceux que nous avons accompagn\u00e9s dans leur formation.","og_url":"https:\/\/www.fondationpierrefabre.org\/fr\/temoignages\/la-fondation-pierre-fabre-forme-les-futurs-leaders-de-la-sante\/","og_site_name":"Fondation Pierre Fabre","article_publisher":"https:\/\/www.facebook.com\/FondationPierreFabre\/","article_published_time":"2023-10-27T15:13:56+00:00","article_modified_time":"2025-05-26T13:52:34+00:00","og_image":[{"width":1200,"height":800,"url":"https:\/\/www.fondationpierrefabre.org\/wp-content\/uploads\/sites\/2\/2023\/10\/Portraits-de-boursiers.jpg","type":"image\/jpeg"}],"twitter_card":"summary_large_image","twitter_creator":"@FondationPFabre","twitter_site":"@FondationPFabre","twitter_misc":{"\u00c9crit par":"","Dur\u00e9e de lecture estim\u00e9e":"10 minutes"},"schema":{"@context":"https:\/\/schema.org","@graph":[{"@type":"Article","@id":"https:\/\/www.fondationpierrefabre.org\/fr\/temoignages\/la-fondation-pierre-fabre-forme-les-futurs-leaders-de-la-sante\/#article","isPartOf":{"@id":"https:\/\/www.fondationpierrefabre.org\/fr\/temoignages\/la-fondation-pierre-fabre-forme-les-futurs-leaders-de-la-sante\/"},"author":{"name":"","@id":""},"headline":"La Fondation Pierre Fabre forme les futurs leaders de la sant\u00e9","datePublished":"2023-10-27T15:13:56+00:00","dateModified":"2025-05-26T13:52:34+00:00","mainEntityOfPage":{"@id":"https:\/\/www.fondationpierrefabre.org\/fr\/temoignages\/la-fondation-pierre-fabre-forme-les-futurs-leaders-de-la-sante\/"},"wordCount":4007,"publisher":{"@id":"https:\/\/www.fondationpierrefabre.org\/fr\/#organization"},"image":{"@id":"https:\/\/www.fondationpierrefabre.org\/fr\/temoignages\/la-fondation-pierre-fabre-forme-les-futurs-leaders-de-la-sante\/#primaryimage"},"thumbnailUrl":"https:\/\/www.fondationpierrefabre.org\/wp-content\/uploads\/sites\/2\/2023\/10\/Portraits-de-boursiers.jpg","keywords":["RDC"],"articleSection":["Formation des professionnels du m\u00e9dicament","RDC","SUIVRE NOTRE ACTION","TEMOIGNAGES"],"inLanguage":"fr-FR"},{"@type":"WebPage","@id":"https:\/\/www.fondationpierrefabre.org\/fr\/temoignages\/la-fondation-pierre-fabre-forme-les-futurs-leaders-de-la-sante\/","url":"https:\/\/www.fondationpierrefabre.org\/fr\/temoignages\/la-fondation-pierre-fabre-forme-les-futurs-leaders-de-la-sante\/","name":"La Fondation Pierre Fabre forme les futurs leaders de la sant\u00e9 - Fondation Pierre Fabre","isPartOf":{"@id":"https:\/\/www.fondationpierrefabre.org\/fr\/#website"},"primaryImageOfPage":{"@id":"https:\/\/www.fondationpierrefabre.org\/fr\/temoignages\/la-fondation-pierre-fabre-forme-les-futurs-leaders-de-la-sante\/#primaryimage"},"image":{"@id":"https:\/\/www.fondationpierrefabre.org\/fr\/temoignages\/la-fondation-pierre-fabre-forme-les-futurs-leaders-de-la-sante\/#primaryimage"},"thumbnailUrl":"https:\/\/www.fondationpierrefabre.org\/wp-content\/uploads\/sites\/2\/2023\/10\/Portraits-de-boursiers.jpg","datePublished":"2023-10-27T15:13:56+00:00","dateModified":"2025-05-26T13:52:34+00:00","description":"Depuis son origine la Fondation Pierre Fabre a financ\u00e9 la formation de plus de 200 \u00e9tudiantes et \u00e9tudiants d\u2019Afrique et d\u2019Asie. D\u00e9couvrez dans cette s\u00e9rie, les portraits de celles et ceux que nous avons accompagn\u00e9s dans leur formation.","breadcrumb":{"@id":"https:\/\/www.fondationpierrefabre.org\/fr\/temoignages\/la-fondation-pierre-fabre-forme-les-futurs-leaders-de-la-sante\/#breadcrumb"},"inLanguage":"fr-FR","potentialAction":[{"@type":"ReadAction","target":["https:\/\/www.fondationpierrefabre.org\/fr\/temoignages\/la-fondation-pierre-fabre-forme-les-futurs-leaders-de-la-sante\/"]}]},{"@type":"ImageObject","inLanguage":"fr-FR","@id":"https:\/\/www.fondationpierrefabre.org\/fr\/temoignages\/la-fondation-pierre-fabre-forme-les-futurs-leaders-de-la-sante\/#primaryimage","url":"https:\/\/www.fondationpierrefabre.org\/wp-content\/uploads\/sites\/2\/2023\/10\/Portraits-de-boursiers.jpg","contentUrl":"https:\/\/www.fondationpierrefabre.org\/wp-content\/uploads\/sites\/2\/2023\/10\/Portraits-de-boursiers.jpg","width":1200,"height":800},{"@type":"BreadcrumbList","@id":"https:\/\/www.fondationpierrefabre.org\/fr\/temoignages\/la-fondation-pierre-fabre-forme-les-futurs-leaders-de-la-sante\/#breadcrumb","itemListElement":[{"@type":"ListItem","position":1,"name":"","item":"https:\/\/www.fondationpierrefabre.org\/fr\/"},{"@type":"ListItem","position":2,"name":"La Fondation Pierre Fabre forme les futurs leaders de la sant\u00e9"}]},{"@type":"WebSite","@id":"https:\/\/www.fondationpierrefabre.org\/fr\/#website","url":"https:\/\/www.fondationpierrefabre.org\/fr\/","name":"Fondation Pierre Fabre","description":"Acc\u00e8s aux soins de qualit\u00e9 pour tous","publisher":{"@id":"https:\/\/www.fondationpierrefabre.org\/fr\/#organization"},"potentialAction":[{"@type":"SearchAction","target":{"@type":"EntryPoint","urlTemplate":"https:\/\/www.fondationpierrefabre.org\/fr\/?s={search_term_string}"},"query-input":{"@type":"PropertyValueSpecification","valueRequired":true,"valueName":"search_term_string"}}],"inLanguage":"fr-FR"},{"@type":"Organization","@id":"https:\/\/www.fondationpierrefabre.org\/fr\/#organization","name":"Fondation Pierre Fabre","alternateName":"FPF","url":"https:\/\/www.fondationpierrefabre.org\/fr\/","logo":{"@type":"ImageObject","inLanguage":"fr-FR","@id":"https:\/\/www.fondationpierrefabre.org\/fr\/#\/schema\/logo\/image\/","url":"https:\/\/www.fondationpierrefabre.org\/wp-content\/uploads\/sites\/2\/2020\/03\/FPF_Logo500.png","contentUrl":"https:\/\/www.fondationpierrefabre.org\/wp-content\/uploads\/sites\/2\/2020\/03\/FPF_Logo500.png","width":500,"height":155,"caption":"Fondation Pierre Fabre"},"image":{"@id":"https:\/\/www.fondationpierrefabre.org\/fr\/#\/schema\/logo\/image\/"},"sameAs":["https:\/\/www.facebook.com\/FondationPierreFabre\/","https:\/\/x.com\/FondationPFabre","https:\/\/www.linkedin.com\/company\/fondation_pierrefabre\/","https:\/\/www.youtube.com\/channel\/UCSTB8YVIiEnbarvfFcQ-4UA"]},{"@type":"Person","@id":""}]}},"_links":{"self":[{"href":"https:\/\/www.fondationpierrefabre.org\/fr\/wp-json\/wp\/v2\/posts\/14655","targetHints":{"allow":["GET"]}}],"collection":[{"href":"https:\/\/www.fondationpierrefabre.org\/fr\/wp-json\/wp\/v2\/posts"}],"about":[{"href":"https:\/\/www.fondationpierrefabre.org\/fr\/wp-json\/wp\/v2\/types\/post"}],"author":[{"embeddable":true,"href":"https:\/\/www.fondationpierrefabre.org\/fr\/wp-json\/wp\/v2\/users\/13"}],"replies":[{"embeddable":true,"href":"https:\/\/www.fondationpierrefabre.org\/fr\/wp-json\/wp\/v2\/comments?post=14655"}],"version-history":[{"count":15,"href":"https:\/\/www.fondationpierrefabre.org\/fr\/wp-json\/wp\/v2\/posts\/14655\/revisions"}],"predecessor-version":[{"id":14915,"href":"https:\/\/www.fondationpierrefabre.org\/fr\/wp-json\/wp\/v2\/posts\/14655\/revisions\/14915"}],"wp:featuredmedia":[{"embeddable":true,"href":"https:\/\/www.fondationpierrefabre.org\/fr\/wp-json\/wp\/v2\/media\/14779"}],"wp:attachment":[{"href":"https:\/\/www.fondationpierrefabre.org\/fr\/wp-json\/wp\/v2\/media?parent=14655"}],"wp:term":[{"taxonomy":"category","embeddable":true,"href":"https:\/\/www.fondationpierrefabre.org\/fr\/wp-json\/wp\/v2\/categories?post=14655"},{"taxonomy":"post_tag","embeddable":true,"href":"https:\/\/www.fondationpierrefabre.org\/fr\/wp-json\/wp\/v2\/tags?post=14655"}],"curies":[{"name":"wp","href":"https:\/\/api.w.org\/{rel}","templated":true}]}}